{"id":14773,"date":"2009-11-30T09:15:10","date_gmt":"2009-11-30T08:15:10","guid":{"rendered":"http:\/\/www.pasteris.it\/blog\/?p=14773"},"modified":"2009-11-30T01:26:14","modified_gmt":"2009-11-30T00:26:14","slug":"arriva-il-carnevale-della-fisica","status":"publish","type":"post","link":"https:\/\/www.pasteris.it\/blog\/2009\/11\/30\/arriva-il-carnevale-della-fisica\/","title":{"rendered":"Arriva il carnevale della fisica"},"content":{"rendered":"<p><a href=\"http:\/\/www.lastampa.it\/_web\/cmstp\/tmplrubriche\/tecnologia\/grubrica.asp?ID_blog=30&amp;ID_articolo=6938&amp;ID_sezione=38&amp;sezione=News\">Si sperimenta un nuovo modo di fare divulgazione scientifica<\/a><\/p>\n<blockquote><p>Per celebrare l&#8217;incipit di una rivoluzione che coinvolse tutte le discipline, dalle redazioni del blog \u00abGravit\u00e0 Zero\u00bb e del suo omonimo spagnolo, \u00abGravedad Cero\u00bb, lanciamo un&#8217;iniziativa per promuovere la comprensione della scienza tra il grande pubblico. Grazie a questa collaborazione internazionale e al patrocinio dell&#8217;Unione Astrofili Italiani sta per nascere il \u00abCarnevale della Fisica\u00bb, un evento ideato per far apprezzare la fisica in tutti i suoi aspetti, anche ai meno esperti, e fare conoscere i numerosi blog scientifici sulla Rete.<\/p>\n<p>Decine di blogger e autori segnaleranno i propri contributi, che abbiano come filo conduttore la fisica. Per questa prima edizione verranno presentati sulle pagine di <a href=\"http:\/\/www.gravita-zero.org\/\" target=\"_blank\">www.gravita-zero.org<\/a> e <a href=\"http:\/\/www.gravedad-cero.org\/\" target=\"_blank\">www.gravedad-cero.org<\/a> i fondatori del Carnevale. I temi possono riguardare tutte le discipline legate alla fisica (fisica teorica, meteorologia, nanotecnologie, astrofisica&#8230;), ma anche letteratura, musica o recensioni di altri blog, libri, film. Per il lancio \u00e8 stato scelto proprio il 30 novembre: 400 anni fa Galileo alzava il cannocchiale, osservando la Luna. Successivamente, allo stesso modo in cui vengono realizzati i \u00abCarnival of Mathematics\u00bb, il 30 di ogni mese altri blogger potranno ospitare l&#8217;evento.<\/p>\n<p>L&#8217;obiettivo \u00e8 anche sviluppare collaborazioni tra i blog scientifici e infatti \u00e8 stato attivato<a href=\"http:\/\/carnevaledellafisica.ning.com\"> un social network<\/a>, in cui chiunque &#8211; e anche chi non possiede un blog &#8211; pu\u00f2 lasciare appunti, osservazioni, foto, video. Finora la risposta della Rete \u00e8 stata pi\u00f9 che interessante, dato che \u00e8 stato gi\u00e0 centrato un obiettivo: fare del \u00abCarnevale della Fisica\u00bb un evento a carattere internazionale. La maggior parte dei partecipanti in Spagna scriveranno nelle quattro lingue ufficiali dello Stato iberico (spagnolo, galiziano, basco e catalano), ma ci saranno anche contributi in inglese, senza dimenticare che la mobilitazione dei blogger italiani \u00e8 imponente.<\/p><\/blockquote>\n","protected":false},"excerpt":{"rendered":"<p>Si sperimenta un nuovo modo di fare divulgazione scientifica Per celebrare l&#8217;incipit di una rivoluzione che coinvolse tutte le discipline, dalle redazioni del blog \u00abGravit\u00e0 Zero\u00bb e del suo omonimo spagnolo, \u00abGravedad Cero\u00bb, lanciamo un&#8217;iniziativa per promuovere la comprensione della scienza tra il grande pubblico. Grazie a questa collaborazione internazionale e al patrocinio dell&#8217;Unione Astrofili &#8230; <a title=\"Arriva il carnevale della fisica\" class=\"read-more\" href=\"https:\/\/www.pasteris.it\/blog\/2009\/11\/30\/arriva-il-carnevale-della-fisica\/\" aria-label=\"Per saperne di pi\u00f9 su Arriva il carnevale della fisica\">Leggi tutto<\/a><\/p>\n","protected":false},"author":3,"featured_media":0,"comment_status":"open","ping_status":"open","sticky":false,"template":"","format":"standard","meta":{"footnotes":""},"categories":[18],"tags":[788,758,2163],"class_list":["post-14773","post","type-post","status-publish","format-standard","hentry","category-scienza","tag-divulgazione","tag-fisica","tag-scienza"],"_links":{"self":[{"href":"https:\/\/www.pasteris.it\/blog\/wp-json\/wp\/v2\/posts\/14773","targetHints":{"allow":["GET"]}}],"collection":[{"href":"https:\/\/www.pasteris.it\/blog\/wp-json\/wp\/v2\/posts"}],"about":[{"href":"https:\/\/www.pasteris.it\/blog\/wp-json\/wp\/v2\/types\/post"}],"author":[{"embeddable":true,"href":"https:\/\/www.pasteris.it\/blog\/wp-json\/wp\/v2\/users\/3"}],"replies":[{"embeddable":true,"href":"https:\/\/www.pasteris.it\/blog\/wp-json\/wp\/v2\/comments?post=14773"}],"version-history":[{"count":2,"href":"https:\/\/www.pasteris.it\/blog\/wp-json\/wp\/v2\/posts\/14773\/revisions"}],"predecessor-version":[{"id":14823,"href":"https:\/\/www.pasteris.it\/blog\/wp-json\/wp\/v2\/posts\/14773\/revisions\/14823"}],"wp:attachment":[{"href":"https:\/\/www.pasteris.it\/blog\/wp-json\/wp\/v2\/media?parent=14773"}],"wp:term":[{"taxonomy":"category","embeddable":true,"href":"https:\/\/www.pasteris.it\/blog\/wp-json\/wp\/v2\/categories?post=14773"},{"taxonomy":"post_tag","embeddable":true,"href":"https:\/\/www.pasteris.it\/blog\/wp-json\/wp\/v2\/tags?post=14773"}],"curies":[{"name":"wp","href":"https:\/\/api.w.org\/{rel}","templated":true}]}}