{"id":14869,"date":"2009-12-01T16:30:22","date_gmt":"2009-12-01T15:30:22","guid":{"rendered":"http:\/\/www.pasteris.it\/blog\/?p=14869"},"modified":"2009-12-01T16:51:33","modified_gmt":"2009-12-01T15:51:33","slug":"fini-la-bomba-atomica-di-spatuzza","status":"publish","type":"post","link":"https:\/\/www.pasteris.it\/blog\/2009\/12\/01\/fini-la-bomba-atomica-di-spatuzza\/","title":{"rendered":"Fini: la bomba atomica di Spatuzza"},"content":{"rendered":"<p><a href=\"http:\/\/www.repubblica.it\/2009\/11\/sezioni\/politica\/giustizia-19\/fuorionda-fini\/fuorionda-fini.html\">Fini in fuori onda durante un convegno a Pescara con il procuratore della Repubblica<\/a><\/p>\n<p><object classid=\"clsid:d27cdb6e-ae6d-11cf-96b8-444553540000\" width=\"425\" height=\"344\" codebase=\"http:\/\/download.macromedia.com\/pub\/shockwave\/cabs\/flash\/swflash.cab#version=6,0,40,0\"><param name=\"allowFullScreen\" value=\"true\" \/><param name=\"allowscriptaccess\" value=\"always\" \/><param name=\"src\" value=\"http:\/\/www.youtube.com\/v\/SDGuIwYWEHc&amp;hl=it_IT&amp;fs=1&amp;rel=0&amp;color1=0x3a3a3a&amp;color2=0x999999\" \/><param name=\"allowfullscreen\" value=\"true\" \/><embed type=\"application\/x-shockwave-flash\" width=\"425\" height=\"344\" src=\"http:\/\/www.youtube.com\/v\/SDGuIwYWEHc&amp;hl=it_IT&amp;fs=1&amp;rel=0&amp;color1=0x3a3a3a&amp;color2=0x999999\" allowscriptaccess=\"always\" allowfullscreen=\"true\"><\/embed><\/object><\/p>\n<blockquote><p>Il riscontro delle dichiarazioni di Spatuzza&#8230; speriamo che lo facciano con uno scrupolo tale da&#8230; perch\u00e9 \u00e8 una bomba atomica.S\u00ec, perch\u00e9 non sarebbe solo un errore giudiziario, \u00e8 una tale bomba che&#8230; lei lo sapr\u00e0 .. Spatuzza parla apertamente di Mancino, che \u00e8 stato ministro degli Interni&#8230; uno \u00e8 vice presidente del Csm e l\u2019altro \u00e8 il Presidente del Consiglio&#8230;.<br \/>\nLui, l\u2019uomo confonde il consenso popolare che ovviamente ha e che lo legittima a governare, con una sorta di immunit\u00e0 nei confronti di qualsiasi altra autorit\u00e0 di garanzia e di controllo&#8230; magistratura, Corte dei Conti, Cassazione, capo dello Stato, Parlamento&#8230; siccome \u00e8 eletto dal popolo&#8230;. Ma io gliel\u2019ho detto&#8230; confonde la leadership con la monarchia assoluta&#8230;. poi in privato gli ho detto&#8230; ricordati che gli hanno tagliato la testa a&#8230; quindi statte quieto.<\/p><\/blockquote>\n","protected":false},"excerpt":{"rendered":"<p>Fini in fuori onda durante un convegno a Pescara con il procuratore della Repubblica Il riscontro delle dichiarazioni di Spatuzza&#8230; speriamo che lo facciano con uno scrupolo tale da&#8230; perch\u00e9 \u00e8 una bomba atomica.S\u00ec, perch\u00e9 non sarebbe solo un errore giudiziario, \u00e8 una tale bomba che&#8230; lei lo sapr\u00e0 .. Spatuzza parla apertamente di Mancino, &#8230; <a title=\"Fini: la bomba atomica di Spatuzza\" class=\"read-more\" href=\"https:\/\/www.pasteris.it\/blog\/2009\/12\/01\/fini-la-bomba-atomica-di-spatuzza\/\" aria-label=\"Per saperne di pi\u00f9 su Fini: la bomba atomica di Spatuzza\">Leggi tutto<\/a><\/p>\n","protected":false},"author":3,"featured_media":0,"comment_status":"open","ping_status":"open","sticky":false,"template":"","format":"standard","meta":{"footnotes":""},"categories":[11,1,32],"tags":[69,1067,685],"class_list":["post-14869","post","type-post","status-publish","format-standard","hentry","category-diritti","category-politica","category-pensieri","tag-berlusconi","tag-fini","tag-mafia"],"_links":{"self":[{"href":"https:\/\/www.pasteris.it\/blog\/wp-json\/wp\/v2\/posts\/14869","targetHints":{"allow":["GET"]}}],"collection":[{"href":"https:\/\/www.pasteris.it\/blog\/wp-json\/wp\/v2\/posts"}],"about":[{"href":"https:\/\/www.pasteris.it\/blog\/wp-json\/wp\/v2\/types\/post"}],"author":[{"embeddable":true,"href":"https:\/\/www.pasteris.it\/blog\/wp-json\/wp\/v2\/users\/3"}],"replies":[{"embeddable":true,"href":"https:\/\/www.pasteris.it\/blog\/wp-json\/wp\/v2\/comments?post=14869"}],"version-history":[{"count":4,"href":"https:\/\/www.pasteris.it\/blog\/wp-json\/wp\/v2\/posts\/14869\/revisions"}],"predecessor-version":[{"id":14871,"href":"https:\/\/www.pasteris.it\/blog\/wp-json\/wp\/v2\/posts\/14869\/revisions\/14871"}],"wp:attachment":[{"href":"https:\/\/www.pasteris.it\/blog\/wp-json\/wp\/v2\/media?parent=14869"}],"wp:term":[{"taxonomy":"category","embeddable":true,"href":"https:\/\/www.pasteris.it\/blog\/wp-json\/wp\/v2\/categories?post=14869"},{"taxonomy":"post_tag","embeddable":true,"href":"https:\/\/www.pasteris.it\/blog\/wp-json\/wp\/v2\/tags?post=14869"}],"curies":[{"name":"wp","href":"https:\/\/api.w.org\/{rel}","templated":true}]}}