{"id":14884,"date":"2009-12-01T22:33:59","date_gmt":"2009-12-01T21:33:59","guid":{"rendered":"http:\/\/www.pasteris.it\/blog\/?p=14884"},"modified":"2009-12-01T22:39:43","modified_gmt":"2009-12-01T21:39:43","slug":"la-partenza-di-cielo-slitta-al-1-gennaio-2010","status":"publish","type":"post","link":"https:\/\/www.pasteris.it\/blog\/2009\/12\/01\/la-partenza-di-cielo-slitta-al-1-gennaio-2010\/","title":{"rendered":"La partenza di Cielo slitta al 1 gennaio 2010"},"content":{"rendered":"<p>Dovr\u00e0 aspettare fino  al primo gennaio il canale in digitale terrestre di News  Corp, Cielo, in attesa di ok da parte del ministero delle  Comunicazioni. Una nota ministeriale spiega che le verifiche istruttorie  per il via libera alle trasmissioni sono ancora in corso e  che il semaforo verde potrebbe arrivare fra circa un mese.<\/p>\n<p>Il vice ministro allo Sviluppo economico con delega alle  Comunicazioni, Paolo Romani, ricorda nella nota che la  richiesta di Sky \u00e8 stata presentata lo scorso 2 novembre e  che &#8216;per l&#8217;esame completo delle autorizzazioni il ministero \u00e8 tenuto al rilascio del prescritto titolo abilitativo entro  il termine di 60 giorni, peraltro estensibile di ulteriori 30  in caso di necessit\u00e0 istruttorie, coincidente quindi nella  fattispecie con la data del primo gennaio 2010.<\/p>\n<p>A volere fare delle dietrologie si pu\u00f2 pensare che posticipare di un mese l&#8217;esordio di Cielo toglie al canale digitale di Sky Italia la possibilit\u00e0 di incursioni nel mercato pubblicitario natalizio, notoriamente la torta pi\u00f9 ricca dell&#8217;anno, che cos\u00ec rester\u00e0 un monopolio del duopolio allargato Rai, Mediaset, la7.<\/p>\n","protected":false},"excerpt":{"rendered":"<p>Dovr\u00e0 aspettare fino al primo gennaio il canale in digitale terrestre di News Corp, Cielo, in attesa di ok da parte del ministero delle Comunicazioni. Una nota ministeriale spiega che le verifiche istruttorie per il via libera alle trasmissioni sono ancora in corso e che il semaforo verde potrebbe arrivare fra circa un mese. Il &#8230; <a title=\"La partenza di Cielo slitta al 1 gennaio 2010\" class=\"read-more\" href=\"https:\/\/www.pasteris.it\/blog\/2009\/12\/01\/la-partenza-di-cielo-slitta-al-1-gennaio-2010\/\" aria-label=\"Per saperne di pi\u00f9 su La partenza di Cielo slitta al 1 gennaio 2010\">Leggi tutto<\/a><\/p>\n","protected":false},"author":3,"featured_media":0,"comment_status":"open","ping_status":"open","sticky":false,"template":"","format":"standard","meta":{"footnotes":""},"categories":[17,30],"tags":[1177,1111],"class_list":["post-14884","post","type-post","status-publish","format-standard","hentry","category-economia","category-media","tag-cielo","tag-skyitalia"],"_links":{"self":[{"href":"https:\/\/www.pasteris.it\/blog\/wp-json\/wp\/v2\/posts\/14884","targetHints":{"allow":["GET"]}}],"collection":[{"href":"https:\/\/www.pasteris.it\/blog\/wp-json\/wp\/v2\/posts"}],"about":[{"href":"https:\/\/www.pasteris.it\/blog\/wp-json\/wp\/v2\/types\/post"}],"author":[{"embeddable":true,"href":"https:\/\/www.pasteris.it\/blog\/wp-json\/wp\/v2\/users\/3"}],"replies":[{"embeddable":true,"href":"https:\/\/www.pasteris.it\/blog\/wp-json\/wp\/v2\/comments?post=14884"}],"version-history":[{"count":3,"href":"https:\/\/www.pasteris.it\/blog\/wp-json\/wp\/v2\/posts\/14884\/revisions"}],"predecessor-version":[{"id":14886,"href":"https:\/\/www.pasteris.it\/blog\/wp-json\/wp\/v2\/posts\/14884\/revisions\/14886"}],"wp:attachment":[{"href":"https:\/\/www.pasteris.it\/blog\/wp-json\/wp\/v2\/media?parent=14884"}],"wp:term":[{"taxonomy":"category","embeddable":true,"href":"https:\/\/www.pasteris.it\/blog\/wp-json\/wp\/v2\/categories?post=14884"},{"taxonomy":"post_tag","embeddable":true,"href":"https:\/\/www.pasteris.it\/blog\/wp-json\/wp\/v2\/tags?post=14884"}],"curies":[{"name":"wp","href":"https:\/\/api.w.org\/{rel}","templated":true}]}}