{"id":14917,"date":"2009-12-03T18:44:37","date_gmt":"2009-12-03T17:44:37","guid":{"rendered":"http:\/\/www.pasteris.it\/blog\/?p=14917"},"modified":"2009-12-03T18:44:37","modified_gmt":"2009-12-03T17:44:37","slug":"il-tar-e-il-master-in-giornalismo-di-torino","status":"publish","type":"post","link":"https:\/\/www.pasteris.it\/blog\/2009\/12\/03\/il-tar-e-il-master-in-giornalismo-di-torino\/","title":{"rendered":"Il Tar e il master in giornalismo di Torino"},"content":{"rendered":"<p><a href=\"http:\/\/www3.lastampa.it\/torino\/sezioni\/cronaca\/articolo\/lstp\/100532\/\">Via Lastampa.it<\/a><\/p>\n<blockquote><p>Una commissione fantasma nominata a babbo morto, quando gi\u00e0 aveva corretto le prove e svolto gli orali. Un solo verbale firmato dal presidente in cui non compare n\u00e9 il numero dei commissari n\u00e9 il loro nome. Un candidato che riceve un\u2019e-mail con l\u2019esito del suo esame il giorno prima che sia terminata la correzione.<br \/>\nSe non c\u2019\u00e8 qualcos\u2019altro dietro, si tratta forse del peggior concorso pubblico che l\u2019Universit\u00e0 di Torino abbia bandito negli ultimi anni. Un disastro amministrativo tale non solo da costringere il Tar ad annullarlo, ma addirittura a invocare l\u2019intervento della procura della Repubblica per ben tre volte.<br \/>\nLa selezione incriminata \u00e8 quella del Master in Giornalismo del settembre 2008: centoventi candidati per venti borse di studio del valore di 10.000 euro l\u2019una. Soldi messi a disposizione da Compagnia di San Paolo, Fondazione Crt e Ordine dei Giornalisti del Piemonte.<\/p>\n<p><!--more-->Andrea Mazzocca, candidato 27enne, partecipa alle prove scritte. Il 18 settembre 2008 riceve un\u2019e-mail che lo informa della sua esclusione dalla segreteria del Corep, il Consorzio che si occupa della parte amministrativa. Mazzocca chiede di poter visionare le sue prove, gli rispondono che bisogna attendere la conclusione degli orali. Domanda allora di poter assistere a questi ultimi. Glielo impediscono perch\u00e9 \u00abla stanza \u00e8 troppo piccola anche per un solo uditore\u00bb.<\/p>\n<p>A questo punto Mazzocca s\u2019insospettisce. Fa l\u2019accesso agli atti e scopre alcune cose sorprendenti. La commissione, che ha svolto i suoi lavori dal 15 al 26 settembre, \u00e8 stata nominata dal rettore Ezio Pelizzetti solo il 1\u00b0 ottobre, cinque giorni dopo la fine dei lavori. La correzione delle prove scritte \u00e8 terminata il 19 settembre, un giorno dopo l\u2019e-mail a Mazzocca. L\u2019abbinamento prove-candidati \u00e8 avvenuto nelle segrete stanze senza rappresentanti dei candidati. E pare pure mal fatto visto che Mazzocca disconosce la paternit\u00e0 di uno degli scritti. L\u2019unico verbale esistente della commissione \u00e8 firmato dal presidente Carlo Marletti, ordinario di Sociologia, e non riporta gli altri componenti Roberto Marvulli (docente di Statistica), Dario Galati (docente di Psicologia), Silvia Scarrone (dipartimento di Scienze Pediatriche), Remo Guerra (consigliere nazionale dell\u2019Ordine dei Giornalisti), Sergio Ronchetti (ex giornalista de La Stampa), Alessandra Comazzi (segretaria dell\u2019Associazione Stampa Subalpina e collaboratrice de La Stampa) e Vera Schiavazzi (collaboratrice di Repubblica e direttore del Master). Come fosse da solo. Non basta: i commissari sono in numero pari. Per il Tar \u00e8 illegittimo: solo il numero dispari permette di raggiungere sempre una maggioranza.<\/p><\/blockquote>\n","protected":false},"excerpt":{"rendered":"<p>Via Lastampa.it Una commissione fantasma nominata a babbo morto, quando gi\u00e0 aveva corretto le prove e svolto gli orali. Un solo verbale firmato dal presidente in cui non compare n\u00e9 il numero dei commissari n\u00e9 il loro nome. Un candidato che riceve un\u2019e-mail con l\u2019esito del suo esame il giorno prima che sia terminata la &#8230; <a title=\"Il Tar e il master in giornalismo di Torino\" class=\"read-more\" href=\"https:\/\/www.pasteris.it\/blog\/2009\/12\/03\/il-tar-e-il-master-in-giornalismo-di-torino\/\" aria-label=\"Per saperne di pi\u00f9 su Il Tar e il master in giornalismo di Torino\">Leggi tutto<\/a><\/p>\n","protected":false},"author":3,"featured_media":0,"comment_status":"open","ping_status":"open","sticky":false,"template":"","format":"standard","meta":{"footnotes":""},"categories":[14],"tags":[255,2160,348],"class_list":["post-14917","post","type-post","status-publish","format-standard","hentry","category-torino","tag-ordine-giornalisti","tag-torino","tag-universita"],"_links":{"self":[{"href":"https:\/\/www.pasteris.it\/blog\/wp-json\/wp\/v2\/posts\/14917","targetHints":{"allow":["GET"]}}],"collection":[{"href":"https:\/\/www.pasteris.it\/blog\/wp-json\/wp\/v2\/posts"}],"about":[{"href":"https:\/\/www.pasteris.it\/blog\/wp-json\/wp\/v2\/types\/post"}],"author":[{"embeddable":true,"href":"https:\/\/www.pasteris.it\/blog\/wp-json\/wp\/v2\/users\/3"}],"replies":[{"embeddable":true,"href":"https:\/\/www.pasteris.it\/blog\/wp-json\/wp\/v2\/comments?post=14917"}],"version-history":[{"count":2,"href":"https:\/\/www.pasteris.it\/blog\/wp-json\/wp\/v2\/posts\/14917\/revisions"}],"predecessor-version":[{"id":14924,"href":"https:\/\/www.pasteris.it\/blog\/wp-json\/wp\/v2\/posts\/14917\/revisions\/14924"}],"wp:attachment":[{"href":"https:\/\/www.pasteris.it\/blog\/wp-json\/wp\/v2\/media?parent=14917"}],"wp:term":[{"taxonomy":"category","embeddable":true,"href":"https:\/\/www.pasteris.it\/blog\/wp-json\/wp\/v2\/categories?post=14917"},{"taxonomy":"post_tag","embeddable":true,"href":"https:\/\/www.pasteris.it\/blog\/wp-json\/wp\/v2\/tags?post=14917"}],"curies":[{"name":"wp","href":"https:\/\/api.w.org\/{rel}","templated":true}]}}