{"id":15039,"date":"2009-12-09T20:18:32","date_gmt":"2009-12-09T19:18:32","guid":{"rendered":"http:\/\/www.pasteris.it\/blog\/?p=15039"},"modified":"2009-12-09T18:21:43","modified_gmt":"2009-12-09T17:21:43","slug":"si-apre-il-processo-eternit","status":"publish","type":"post","link":"https:\/\/www.pasteris.it\/blog\/2009\/12\/09\/si-apre-il-processo-eternit\/","title":{"rendered":"Si apre il processo Eternit"},"content":{"rendered":"<p><a href=\"http:\/\/torino.repubblica.it\/dettaglio\/voglio-giustizia-dopo-i-cinque-morti-la-pasionaria-delleternit-sul-processo\/1735870\">Domani parte il processo<\/a><\/p>\n<blockquote><p>\nE l\u00b4adorata figlia, per ultima, nel 2004. Ha avuto la forza di non chiudersi in se stessa, simbolo e bandiera di una lotta per la giustizia che \u00e8 diventata collettiva e dura da pi\u00f9 di venticinque anni. Domani mattina sar\u00e0 a Torino, in prima fila alla udienza di apertura del processo per la strage dell\u00b4Eternit. Romana, ce l\u00b4avete fatta? \u00abLo spero davvero, spero che questo processo riesca a partire senza intralci e ad approdare a una giusta conclusione, per noi e per chi nel resto del mondo ha avuto tragedie come le nostre oppure \u00e8 ancora costretto a lavorare a contatto con l\u00b4amianto, in molti paesi rimasto legale. Essere arrivati in tribunale \u00e8 un grande traguardo, un passo importantissimo. Siamo stati amaramente in gamba, e i primi in Europa, a raggiungere questo risultato. Mi auguro che nessuno ci metta i bastoni tra le ruote con la faccenda del processo breve o altri ostacoli. Io non moller\u00f2 mai, comunque vada\u00bb.<br \/>\n<!--more--><br \/>\nQuando \u00e8 cominciata, per lei? \u00abNel 1982 mio marito Mario, ex operaio della Eternit, ha iniziato a non stare bene. Mi ricordo che era febbraio, la neve sulle strade, gli alberi spogli: l\u00b4ho accompagnato all\u00b4ospedale Borsalino di Alessandria, il pneumologico, prima tappa della via crucis. Il professore ci ha detto che aveva un tumore. Io gli ho risposto: &#8220;Faremo le cure&#8221;. Lui con la testa ha fatto segno di no, come a spiegare che non c\u00b4era alcun rimedio. Che fosse mesotelioma, una forma sconosciuta anche al medico di famiglia, allora non lo sapevo ancora. Mio marito non mi aveva detto che in fabbrica gi\u00e0 se ne parlava con preoccupazione e che altri avevano lo stesso male. Voleva lasciarmi tranquilla. Dopo, quando lui \u00e8 morto, ho capito che dovevo saperne di pi\u00f9 e che dovevo fare qualcosa. Sono andata alla Camera del lavoro di Casale, ho cominciato a lavorare assieme ai sindacalisti. Poi \u00e8 nata la associazione che presiedo ancora. Ho pianto tutte lacrime. Quando \u00e8 toccata anche a mia figlia, non ne avevo pi\u00f9 da versare\u00bb.<\/p>\n<p>I morti si sono contati a centinaia, ogni anno ci sono 40-50 nuovi casi di mesotelioma. Non finir\u00e0 mai? \u00abPochi giorni fa se ne sono andati un ex operaio, Piero Ferraris, e una impiegata di 50 anni che alla Eternit non aveva mai messo piede: Patrizia Saviotti. Il picco di decessi, purtroppo, deve ancora arrivare. La malattia ha una latenza di decenni. Per questo ci battiamo per altre due cose, oltre che per avere giustizia: bonifica e ricerca. Ma alle case farmaceutiche investire su questo fronte non conviene, perch\u00e9 per loro i malati sono relativamente pochi per pensare di recuperare i costi di studi seri. Non ci vedono il guadagno\u00bb. Che cosa altro insegna la tragedia di Casale, la vostra esperienza? \u00abChe i cittadini devono essere sempre pi\u00f9 preparati e coraggiosi\u00bb. I giovani stanno raccogliendo il vostro esempio? All\u00b4ultima fiaccolata erano in molti&#8230; \u00abS\u00ec, un ottimo segno. Ogni famiglia ha perso qualcuno e per questo \u00e8 coinvolta. E poi hanno fatto un buon lavoro le scuole, gli insegnanti, gli adulti. I ragazzi sono la nostra grande speranza\u00bb.\n<\/p><\/blockquote>\n","protected":false},"excerpt":{"rendered":"<p>Domani parte il processo E l\u00b4adorata figlia, per ultima, nel 2004. Ha avuto la forza di non chiudersi in se stessa, simbolo e bandiera di una lotta per la giustizia che \u00e8 diventata collettiva e dura da pi\u00f9 di venticinque anni. Domani mattina sar\u00e0 a Torino, in prima fila alla udienza di apertura del processo &#8230; <a title=\"Si apre il processo Eternit\" class=\"read-more\" href=\"https:\/\/www.pasteris.it\/blog\/2009\/12\/09\/si-apre-il-processo-eternit\/\" aria-label=\"Per saperne di pi\u00f9 su Si apre il processo Eternit\">Leggi tutto<\/a><\/p>\n","protected":false},"author":3,"featured_media":0,"comment_status":"open","ping_status":"open","sticky":false,"template":"","format":"standard","meta":{"footnotes":""},"categories":[11,1],"tags":[824,823],"class_list":["post-15039","post","type-post","status-publish","format-standard","hentry","category-diritti","category-politica","tag-casale","tag-eternit"],"_links":{"self":[{"href":"https:\/\/www.pasteris.it\/blog\/wp-json\/wp\/v2\/posts\/15039","targetHints":{"allow":["GET"]}}],"collection":[{"href":"https:\/\/www.pasteris.it\/blog\/wp-json\/wp\/v2\/posts"}],"about":[{"href":"https:\/\/www.pasteris.it\/blog\/wp-json\/wp\/v2\/types\/post"}],"author":[{"embeddable":true,"href":"https:\/\/www.pasteris.it\/blog\/wp-json\/wp\/v2\/users\/3"}],"replies":[{"embeddable":true,"href":"https:\/\/www.pasteris.it\/blog\/wp-json\/wp\/v2\/comments?post=15039"}],"version-history":[{"count":2,"href":"https:\/\/www.pasteris.it\/blog\/wp-json\/wp\/v2\/posts\/15039\/revisions"}],"predecessor-version":[{"id":15041,"href":"https:\/\/www.pasteris.it\/blog\/wp-json\/wp\/v2\/posts\/15039\/revisions\/15041"}],"wp:attachment":[{"href":"https:\/\/www.pasteris.it\/blog\/wp-json\/wp\/v2\/media?parent=15039"}],"wp:term":[{"taxonomy":"category","embeddable":true,"href":"https:\/\/www.pasteris.it\/blog\/wp-json\/wp\/v2\/categories?post=15039"},{"taxonomy":"post_tag","embeddable":true,"href":"https:\/\/www.pasteris.it\/blog\/wp-json\/wp\/v2\/tags?post=15039"}],"curies":[{"name":"wp","href":"https:\/\/api.w.org\/{rel}","templated":true}]}}