{"id":15052,"date":"2009-12-10T12:00:54","date_gmt":"2009-12-10T11:00:54","guid":{"rendered":"http:\/\/www.pasteris.it\/blog\/?p=15052"},"modified":"2009-12-13T02:50:18","modified_gmt":"2009-12-13T01:50:18","slug":"ci-paghi-il-sindacato","status":"publish","type":"post","link":"https:\/\/www.pasteris.it\/blog\/2009\/12\/10\/ci-paghi-il-sindacato\/","title":{"rendered":"Ci paghi il sindacato"},"content":{"rendered":"<p><a href=\"http:\/\/www3.lastampa.it\/torino\/sezioni\/economia\/articolo\/lstp\/102852\/\">Maurizio Tropeano su Lastampa.it<\/a><\/p>\n<blockquote><p>\u00abL\u2019Istituto Addestramento Lavoratori del Piemonte \u00e8 senza autonomia giuridica ed \u00e8 totalmente dipendente dalla Cisl che dovr\u00e0 rispondere delle obbligazioni assunte dall\u2019ente di formazione\u00bb. \u00c8 questa la motivazione che ha spinto trenta collaboratori a fare causa al sindacato piemontese. Secondo il professor Marino Bin e l\u2019avvocato Sara Visca tocca al sindacato pagare i 320 mila euro di compensi arretrati pi\u00f9 gli interessi maturati.<\/p>\n<p>La causa sar\u00e0 discussa il prossimo 11 gennaio davanti al giudice Edoardo Denaro del Tribunale del lavoro, ma secondo l\u2019avvocato Massimo Ramello che tutela gli interessi del sindacato \u00abnon esistono appigli giuridici per chiamare in causa la Cisl visto che il tribunale dichiarando lo stato di insolvenza ha riconosciuto allo Ial una propria soggettivit\u00e0\u00bb<\/p><\/blockquote>\n","protected":false},"excerpt":{"rendered":"<p>Maurizio Tropeano su Lastampa.it \u00abL\u2019Istituto Addestramento Lavoratori del Piemonte \u00e8 senza autonomia giuridica ed \u00e8 totalmente dipendente dalla Cisl che dovr\u00e0 rispondere delle obbligazioni assunte dall\u2019ente di formazione\u00bb. \u00c8 questa la motivazione che ha spinto trenta collaboratori a fare causa al sindacato piemontese. Secondo il professor Marino Bin e l\u2019avvocato Sara Visca tocca al sindacato &#8230; <a title=\"Ci paghi il sindacato\" class=\"read-more\" href=\"https:\/\/www.pasteris.it\/blog\/2009\/12\/10\/ci-paghi-il-sindacato\/\" aria-label=\"Per saperne di pi\u00f9 su Ci paghi il sindacato\">Leggi tutto<\/a><\/p>\n","protected":false},"author":3,"featured_media":0,"comment_status":"open","ping_status":"open","sticky":false,"template":"","format":"standard","meta":{"footnotes":""},"categories":[11,14],"tags":[690,426,2160,974],"class_list":["post-15052","post","type-post","status-publish","format-standard","hentry","category-diritti","category-torino","tag-giustizia","tag-lavoro","tag-torino","tag-sindacato"],"_links":{"self":[{"href":"https:\/\/www.pasteris.it\/blog\/wp-json\/wp\/v2\/posts\/15052","targetHints":{"allow":["GET"]}}],"collection":[{"href":"https:\/\/www.pasteris.it\/blog\/wp-json\/wp\/v2\/posts"}],"about":[{"href":"https:\/\/www.pasteris.it\/blog\/wp-json\/wp\/v2\/types\/post"}],"author":[{"embeddable":true,"href":"https:\/\/www.pasteris.it\/blog\/wp-json\/wp\/v2\/users\/3"}],"replies":[{"embeddable":true,"href":"https:\/\/www.pasteris.it\/blog\/wp-json\/wp\/v2\/comments?post=15052"}],"version-history":[{"count":3,"href":"https:\/\/www.pasteris.it\/blog\/wp-json\/wp\/v2\/posts\/15052\/revisions"}],"predecessor-version":[{"id":15054,"href":"https:\/\/www.pasteris.it\/blog\/wp-json\/wp\/v2\/posts\/15052\/revisions\/15054"}],"wp:attachment":[{"href":"https:\/\/www.pasteris.it\/blog\/wp-json\/wp\/v2\/media?parent=15052"}],"wp:term":[{"taxonomy":"category","embeddable":true,"href":"https:\/\/www.pasteris.it\/blog\/wp-json\/wp\/v2\/categories?post=15052"},{"taxonomy":"post_tag","embeddable":true,"href":"https:\/\/www.pasteris.it\/blog\/wp-json\/wp\/v2\/tags?post=15052"}],"curies":[{"name":"wp","href":"https:\/\/api.w.org\/{rel}","templated":true}]}}