{"id":15067,"date":"2009-12-11T01:13:38","date_gmt":"2009-12-11T00:13:38","guid":{"rendered":"http:\/\/www.pasteris.it\/blog\/?p=15067"},"modified":"2009-12-13T02:53:33","modified_gmt":"2009-12-13T01:53:33","slug":"premier-europei-berlusconi-ultimo-nella-classifica-de-la-tribune","status":"publish","type":"post","link":"https:\/\/www.pasteris.it\/blog\/2009\/12\/11\/premier-europei-berlusconi-ultimo-nella-classifica-de-la-tribune\/","title":{"rendered":"Premier europei: Berlusconi ultimo nella classifica de La Tribune"},"content":{"rendered":"<p><a href=\"http:\/\/www.latribune.fr\/blogs\/le-blog-europe\/20091210trib000451564\/eurotribune-2009-le-jury-de-la-tribune-note-les-dirigeants-de-l-ue.html\">Via La Tribune<\/a><\/p>\n<blockquote><p>C&#8217;est la r\u00e9v\u00e9lation de l&#8217;ann\u00e9e. Quasi-inconnu il y a six mois, le Premier ministre su\u00e9dois Fredrik Reinfeldt sort gagnant du palmar\u00e8s Eurotribune 2009 des chefs d&#8217;Etat et de gouvernement europ\u00e9ens \u00e0 retrouver en cliquant ici. \u00ab Intelligent, cool et plein d&#8217;humour \u00bb, tel est le portrait dress\u00e9 par un membre du jury de ce (presque) jeune homme de 44 ans. Nicolas Sarkozy avait men\u00e9 l&#8217;Union europ\u00e9enne au pas de charge. Les Tch\u00e8ques l&#8217;avaient ensuite embourb\u00e9e. Le Su\u00e9dois, dont le pays assume depuis le mois de juillet la pr\u00e9sidence de l&#8217;Union europ\u00e9enne, lui a rendu une vitesse de croisi\u00e8re. \u00ab Il s&#8217;est appliqu\u00e9 \u00e0 faire les choses \u00e0 son rythme : celui d&#8217;une Volvo diesel, sans beaucoup de reprise mais r\u00e9guli\u00e8re \u00bb, explique un jur\u00e9. La t\u00e2che \u00e9tait ingrate: pr\u00e9paration de Copenhague, ratification chaotique du trait\u00e9 de Lisbonne, n\u00e9gociations p\u00e9rilleuses sur la supervision financi\u00e8re. Rien de flamboyant dans cet agenda mais un travail d&#8217;orf\u00e8vre. Fredrik Reinfeldt, ce p\u00e8re de famille qui ne rechigne pas \u00e0 s&#8217;occuper des \u00ab t\u00e2ches m\u00e9nag\u00e8res \u00bb en \u00e9coutant Abba, est finalement pl\u00e9biscit\u00e9 pour avoir remis de l&#8217;ordre dans la maison.<br \/>\n<!--more--><\/p>\n<p>Derri\u00e8re lui, le Premier ministre luxembourgeois Jean-Claude Juncker (n\u00b02) et Angela Merkel (N\u00b03) s&#8217;imposent comme les valeurs s\u00fbres du circuit europ\u00e9en, tandis que Nicolas Sarkozy d\u00e9gringole dans le classement. A sujet de la chanceli\u00e8re allemande, un jury commente \u00ab C&#8217;est un roc. Que ferions-nous sans cette femme? \u00bb. La presse europ\u00e9enne ne lui tient finalement pas rigueur des gages qu&#8217;elle a voulu donner \u00e0 son \u00e9lectorat pour obtenir un second mandat. Elle la voit rester en piste encore longtemps, contrairement \u00e0 son homologue luxembourgeois, unanimement jug\u00e9 comme \u00ab le plus europ\u00e9en de la troupe \u00bb, bien not\u00e9, certes, mais vieillissant. \u00ab Le manque de soutien pour sa candidature \u00e0 la pr\u00e9sidence du Conseil montre que son charme faiblit. Il est dans les parages depuis trop longtemps \u00bb, dit de lui un jur\u00e9.<\/p>\n<p>L&#8217;Espagnol Zapatero (n\u00b08) est appr\u00e9ci\u00e9 mais jug\u00e9 \u00ab trop discret \u00bb sur la sc\u00e8ne europ\u00e9enne, alors que la pr\u00e9sidence espagnole se profile. Donald Tusk s&#8217;affirme comme celui qui aura \u00ab ramen\u00e9 la Pologne dans le jeu europ\u00e9en \u00bb, en d\u00e9pit de sa d\u00e9fense farouche des int\u00e9r\u00eats nationaux dans le d\u00e9bat sur le changement climatique.<\/p>\n<p>Sans surprise, le Grec George Papandreou (n\u00b022), dont le pays frise la cessation de paiement, h\u00e9rite de la pire note sur les questions financi\u00e8res. Et la d\u00e9samour des Britanniques \u00e0 l&#8217;\u00e9gard de Gordon Brown (n\u00b021) n&#8217;\u00e9pargne pas Bruxelles. \u00ab Trop eurosceptique pour l&#8217;Europe et pas assez pour la Grande-Bretagne \u00bb, dit-on de lui. Le retour d&#8217;Yves Leterme \u00e0 la t\u00eate du gouvernement belge est salu\u00e9 par un \u00ab rebonjour tristesse \u00bb. Enfin, comme l&#8217;ann\u00e9e derni\u00e8re, Silvio Berlusconi, cr\u00e9dit\u00e9 de \u00ab z\u00e9ro cr\u00e9dibilit\u00e9 \u00bb au niveau europ\u00e9en, ferme la marche. Mais \u00ab s&#8217;il y avait un prix du plus marrant, il le gagnerait \u00bb, raille un journaliste.<\/p><\/blockquote>\n","protected":false},"excerpt":{"rendered":"<p>Via La Tribune C&#8217;est la r\u00e9v\u00e9lation de l&#8217;ann\u00e9e. Quasi-inconnu il y a six mois, le Premier ministre su\u00e9dois Fredrik Reinfeldt sort gagnant du palmar\u00e8s Eurotribune 2009 des chefs d&#8217;Etat et de gouvernement europ\u00e9ens \u00e0 retrouver en cliquant ici. \u00ab Intelligent, cool et plein d&#8217;humour \u00bb, tel est le portrait dress\u00e9 par un membre du jury &#8230; <a title=\"Premier europei: Berlusconi ultimo nella classifica de La Tribune\" class=\"read-more\" href=\"https:\/\/www.pasteris.it\/blog\/2009\/12\/11\/premier-europei-berlusconi-ultimo-nella-classifica-de-la-tribune\/\" aria-label=\"Per saperne di pi\u00f9 su Premier europei: Berlusconi ultimo nella classifica de La Tribune\">Leggi tutto<\/a><\/p>\n","protected":false},"author":3,"featured_media":0,"comment_status":"open","ping_status":"open","sticky":false,"template":"","format":"standard","meta":{"footnotes":""},"categories":[31,32],"tags":[69],"class_list":["post-15067","post","type-post","status-publish","format-standard","hentry","category-mondo","category-pensieri","tag-berlusconi"],"_links":{"self":[{"href":"https:\/\/www.pasteris.it\/blog\/wp-json\/wp\/v2\/posts\/15067","targetHints":{"allow":["GET"]}}],"collection":[{"href":"https:\/\/www.pasteris.it\/blog\/wp-json\/wp\/v2\/posts"}],"about":[{"href":"https:\/\/www.pasteris.it\/blog\/wp-json\/wp\/v2\/types\/post"}],"author":[{"embeddable":true,"href":"https:\/\/www.pasteris.it\/blog\/wp-json\/wp\/v2\/users\/3"}],"replies":[{"embeddable":true,"href":"https:\/\/www.pasteris.it\/blog\/wp-json\/wp\/v2\/comments?post=15067"}],"version-history":[{"count":4,"href":"https:\/\/www.pasteris.it\/blog\/wp-json\/wp\/v2\/posts\/15067\/revisions"}],"predecessor-version":[{"id":15160,"href":"https:\/\/www.pasteris.it\/blog\/wp-json\/wp\/v2\/posts\/15067\/revisions\/15160"}],"wp:attachment":[{"href":"https:\/\/www.pasteris.it\/blog\/wp-json\/wp\/v2\/media?parent=15067"}],"wp:term":[{"taxonomy":"category","embeddable":true,"href":"https:\/\/www.pasteris.it\/blog\/wp-json\/wp\/v2\/categories?post=15067"},{"taxonomy":"post_tag","embeddable":true,"href":"https:\/\/www.pasteris.it\/blog\/wp-json\/wp\/v2\/tags?post=15067"}],"curies":[{"name":"wp","href":"https:\/\/api.w.org\/{rel}","templated":true}]}}