{"id":15107,"date":"2009-12-12T02:11:02","date_gmt":"2009-12-12T01:11:02","guid":{"rendered":"http:\/\/www.pasteris.it\/blog\/?p=15107"},"modified":"2009-12-12T10:15:50","modified_gmt":"2009-12-12T09:15:50","slug":"segni-dei-tempi-chiude-editor-publisher","status":"publish","type":"post","link":"https:\/\/www.pasteris.it\/blog\/2009\/12\/12\/segni-dei-tempi-chiude-editor-publisher\/","title":{"rendered":"Segni dei tempi: chiude Editor &#038; Publisher"},"content":{"rendered":"<p><a href=\"http:\/\/www.lsdi.it\/2009\/12\/11\/dopo-125-anni-chiude-editorpublisher-%E2%80%98%E2%80%99bibbia%E2%80%99%E2%80%99-dell%E2%80%99-industria-dei-quotidiani\/\">Via LSDI<\/a><\/p>\n<blockquote><p><em><img loading=\"lazy\" decoding=\"async\" class=\"alignright\" title=\"editor and publisher\" src=\"http:\/\/www.editorandpublisher.com\/eandp\/images\/covers\/Cov_Oct09.jpg\" alt=\"\" width=\"100\" height=\"134\" \/><\/em>Editor and Publisher, la \u2018\u2019bibbia\u2019\u2019 del settore dei quotidiani Usa, chiuder\u00e0 il 31 dicembre, dopo 125 anni di attivit\u00e0. Lo segnala <a href=\"http:\/\/newsosaur.blogspot.com\/\">Reflexion of Newsosaurus<\/a>, spiegando che la rivista e<a href=\"http:\/\/www.editorandpublisher.com\/eandp\/news\/article_display.jsp?vnu_content_id=1004052655\"> il sito web<\/a>,  cos\u00ec come la<a href=\"http:\/\/www.kirkusreviews.com\/kirkusreviews\/index.jsp\"> Kirkus Book Reviews<\/a>,  non sono state incluse nella <a href=\"http:\/\/paidcontent.org\/article\/419-officially-announced-pluribus-guggenheim-acquire-eight-nielsen-brands-i\/\">cessione di un pugno di pubblicazioni<\/a> annunciata ieri dalla propriet\u00e0, la Nielsen Business Media.<\/p><\/blockquote>\n<blockquote><p>La maggior parte delle testate economiche della Nielsen sono state acquisite da e5 Global Media Holdings, LLC, una nuova societ\u00e0 formata da Pluribus Capital Management e Guggenheim Partners. Ma E&amp;P e Kirkus non erano incluse nell\u2019 accord e questo dovrebbe portare alla decisione di cessare l\u2019 attivit\u00e0 in entrambe le testate rimaste orfane.<\/p>\n<p>\u201dCon la chiusura di questa testata autorevole e la riduzione negli ultimi anni del numero di analisti affidabili specializzati in editorial \u2013 commenta Alan Mutter -, cresce la penuria di informazioni e opinioni indipendenti su questo settore in difficolt\u00e0 proprio mentre ci sarebbe invece bisogno di analisi obbiettive e oneste\u201d.<\/p>\n<p>Un ampio articolo sulla chiusura della testata \u00e8 stato pubblicato ieri <a href=\"http:\/\/www.editorandpublisher.com\/eandp\/news\/article_display.jsp?vnu_content_id=1004052655\">sul sito online di E&amp;p<\/a>, mentre la cessione \u00e8 al centro anche di una <a href=\"http:\/\/www.poynter.org\/column.asp?id=45&amp;aid=174719\">analisi su Poynter.org <\/a><\/p><\/blockquote>\n","protected":false},"excerpt":{"rendered":"<p>Via LSDI Editor and Publisher, la \u2018\u2019bibbia\u2019\u2019 del settore dei quotidiani Usa, chiuder\u00e0 il 31 dicembre, dopo 125 anni di attivit\u00e0. Lo segnala Reflexion of Newsosaurus, spiegando che la rivista e il sito web, cos\u00ec come la Kirkus Book Reviews, non sono state incluse nella cessione di un pugno di pubblicazioni annunciata ieri dalla propriet\u00e0, &#8230; <a title=\"Segni dei tempi: chiude Editor &#038; Publisher\" class=\"read-more\" href=\"https:\/\/www.pasteris.it\/blog\/2009\/12\/12\/segni-dei-tempi-chiude-editor-publisher\/\" aria-label=\"Per saperne di pi\u00f9 su Segni dei tempi: chiude Editor &#038; Publisher\">Leggi tutto<\/a><\/p>\n","protected":false},"author":3,"featured_media":0,"comment_status":"open","ping_status":"open","sticky":false,"template":"","format":"standard","meta":{"footnotes":""},"categories":[17,30],"tags":[116,905,159,210],"class_list":["post-15107","post","type-post","status-publish","format-standard","hentry","category-economia","category-media","tag-digitale","tag-editori","tag-giornali","tag-lsdi"],"_links":{"self":[{"href":"https:\/\/www.pasteris.it\/blog\/wp-json\/wp\/v2\/posts\/15107","targetHints":{"allow":["GET"]}}],"collection":[{"href":"https:\/\/www.pasteris.it\/blog\/wp-json\/wp\/v2\/posts"}],"about":[{"href":"https:\/\/www.pasteris.it\/blog\/wp-json\/wp\/v2\/types\/post"}],"author":[{"embeddable":true,"href":"https:\/\/www.pasteris.it\/blog\/wp-json\/wp\/v2\/users\/3"}],"replies":[{"embeddable":true,"href":"https:\/\/www.pasteris.it\/blog\/wp-json\/wp\/v2\/comments?post=15107"}],"version-history":[{"count":4,"href":"https:\/\/www.pasteris.it\/blog\/wp-json\/wp\/v2\/posts\/15107\/revisions"}],"predecessor-version":[{"id":15109,"href":"https:\/\/www.pasteris.it\/blog\/wp-json\/wp\/v2\/posts\/15107\/revisions\/15109"}],"wp:attachment":[{"href":"https:\/\/www.pasteris.it\/blog\/wp-json\/wp\/v2\/media?parent=15107"}],"wp:term":[{"taxonomy":"category","embeddable":true,"href":"https:\/\/www.pasteris.it\/blog\/wp-json\/wp\/v2\/categories?post=15107"},{"taxonomy":"post_tag","embeddable":true,"href":"https:\/\/www.pasteris.it\/blog\/wp-json\/wp\/v2\/tags?post=15107"}],"curies":[{"name":"wp","href":"https:\/\/api.w.org\/{rel}","templated":true}]}}