{"id":1520,"date":"2007-04-11T10:07:22","date_gmt":"2007-04-11T09:07:22","guid":{"rendered":"http:\/\/www.pasteris.it\/blog\/2007\/04\/11\/malagafon\/"},"modified":"2007-04-11T10:07:22","modified_gmt":"2007-04-11T09:07:22","slug":"malagafon","status":"publish","type":"post","link":"https:\/\/www.pasteris.it\/blog\/2007\/04\/11\/malagafon\/","title":{"rendered":"MalagaFon"},"content":{"rendered":"<p><a target=\"_blank\" href=\"http:\/\/it.wikipedia.org\/wiki\/M%C3%A1laga\">Malaga <\/a>\u00e8 diventata la citt\u00e0 mondiale a maggiore densit\u00e0 di reti wireless attive dato che FON ha regalato 2000 fonere che sono state disposte nei luoghi pubblici della citt\u00e0 spagnola. Date una occhiata alle <a target=\"_blank\" href=\"http:\/\/maps.fon.com\/\">mappe di Fon per Malaga<\/a><br \/>\nSe dovete pensare alle vostre vacanze &#8230; potete farci un pensierino, la citt\u00e0 affacciata sul mare \u00e8 bellissima.<\/p>\n","protected":false},"excerpt":{"rendered":"<p>Malaga \u00e8 diventata la citt\u00e0 mondiale a maggiore densit\u00e0 di reti wireless attive dato che FON ha regalato 2000 fonere che sono state disposte nei luoghi pubblici della citt\u00e0 spagnola. Date una occhiata alle mappe di Fon per Malaga Se dovete pensare alle vostre vacanze &#8230; potete farci un pensierino, la citt\u00e0 affacciata sul mare &#8230; <a title=\"MalagaFon\" class=\"read-more\" href=\"https:\/\/www.pasteris.it\/blog\/2007\/04\/11\/malagafon\/\" aria-label=\"Per saperne di pi\u00f9 su MalagaFon\">Leggi tutto<\/a><\/p>\n","protected":false},"author":4,"featured_media":0,"comment_status":"open","ping_status":"open","sticky":false,"template":"","format":"standard","meta":{"footnotes":""},"categories":[],"tags":[437,449,373],"class_list":["post-1520","post","type-post","status-publish","format-standard","hentry","tag-mondiale","tag-vacanze","tag-wireless"],"_links":{"self":[{"href":"https:\/\/www.pasteris.it\/blog\/wp-json\/wp\/v2\/posts\/1520","targetHints":{"allow":["GET"]}}],"collection":[{"href":"https:\/\/www.pasteris.it\/blog\/wp-json\/wp\/v2\/posts"}],"about":[{"href":"https:\/\/www.pasteris.it\/blog\/wp-json\/wp\/v2\/types\/post"}],"author":[{"embeddable":true,"href":"https:\/\/www.pasteris.it\/blog\/wp-json\/wp\/v2\/users\/4"}],"replies":[{"embeddable":true,"href":"https:\/\/www.pasteris.it\/blog\/wp-json\/wp\/v2\/comments?post=1520"}],"version-history":[{"count":0,"href":"https:\/\/www.pasteris.it\/blog\/wp-json\/wp\/v2\/posts\/1520\/revisions"}],"wp:attachment":[{"href":"https:\/\/www.pasteris.it\/blog\/wp-json\/wp\/v2\/media?parent=1520"}],"wp:term":[{"taxonomy":"category","embeddable":true,"href":"https:\/\/www.pasteris.it\/blog\/wp-json\/wp\/v2\/categories?post=1520"},{"taxonomy":"post_tag","embeddable":true,"href":"https:\/\/www.pasteris.it\/blog\/wp-json\/wp\/v2\/tags?post=1520"}],"curies":[{"name":"wp","href":"https:\/\/api.w.org\/{rel}","templated":true}]}}