{"id":15231,"date":"2009-12-15T15:23:14","date_gmt":"2009-12-15T14:23:14","guid":{"rendered":"http:\/\/www.pasteris.it\/blog\/?p=15231"},"modified":"2009-12-15T15:23:46","modified_gmt":"2009-12-15T14:23:46","slug":"10-100-1000-souvenir-della-mole-antonelliana","status":"publish","type":"post","link":"https:\/\/www.pasteris.it\/blog\/2009\/12\/15\/10-100-1000-souvenir-della-mole-antonelliana\/","title":{"rendered":"10, 100, 1000 souvenir della Mole Antonelliana"},"content":{"rendered":"<p><a href=\"http:\/\/www.pasteris.it\/blog\/wp-content\/uploads\/2009\/12\/souvenir-mole.jpg\"><img loading=\"lazy\" decoding=\"async\" class=\"alignright size-full wp-image-15232\" title=\"souvenir-mole\" src=\"http:\/\/www.pasteris.it\/blog\/wp-content\/uploads\/2009\/12\/souvenir-mole.jpg\" alt=\"souvenir-mole\" width=\"226\" height=\"301\" srcset=\"https:\/\/www.pasteris.it\/blog\/wp-content\/uploads\/2009\/12\/souvenir-mole.jpg 480w, https:\/\/www.pasteris.it\/blog\/wp-content\/uploads\/2009\/12\/souvenir-mole-225x300.jpg 225w\" sizes=\"auto, (max-width: 226px) 100vw, 226px\" \/><\/a>La paura che il mondo della rete si pone \u00e8 di tipo politico, etico e sociale, ma praticamente risolvibile in poco tempo utlizzando server dove la giuristizione birmano &#8211; italiana non abbia effetto.<\/p>\n<p>Ma i timori e le paure che si cerchi davvero di imbavagliare la rete italiana. <a href=\"http:\/\/www.unita.it\/news\/italia\/92672\/piazze_e_web_il_governo_prepara_leggi_speciali\">Via l&#8217;Unit\u00e0<\/a><\/p>\n<blockquote><p>Con buona probabilit\u00e0 al prossimo Consiglio dei ministri sar\u00e0 gi\u00e0 pronto il giro di vite sui siti web. In realt\u00e0 il tentativo di stringere sulle piazze \u00e8 in corso da tempo. I primi segnali risalgono a pi\u00f9 di un anno fa. I primi ad essere limitati furono i cittadini islamici. A Roma, ad esempio, \u00e8 diventato sempre pi\u00f9 difficile per gli organizzatori avere l\u2019ok della questura per un vero e proprio corteo. La tendenza \u00e8 di rilasciare permessi per presidi e sit in piazza. In un posto solo le persone vengono controllate meglio.<br \/>\n&#8230;<br \/>\n\u00abRitengo -spiega Gozi- che i tentativi della maggioranza di controllare e di dare una normativa dura ed inflessibile alla rete siano ingiustificati e dannosi per le potenzialit\u00e0 del web e per la societ\u00e0 pi\u00f9 in generale: si tratta di tentativi mirati esclusivamente a mantenere lo status quo delle cose e, elemento ancora pi\u00f9 grave, ad imbavagliare la libert\u00e0 di manifestazione del pensiero sancita dalla nostra Costituzione\u00bb.<\/p><\/blockquote>\n<p>Nel dubbio nelle lande torinesi ci stiamo organizzando per difendere non solo con tutti noi stessi il diritto alla rete, ma anche con strumenti concreti che pare in questo periodo vadano decisamente di moda. (vedi foto)<\/p>\n","protected":false},"excerpt":{"rendered":"<p>La paura che il mondo della rete si pone \u00e8 di tipo politico, etico e sociale, ma praticamente risolvibile in poco tempo utlizzando server dove la giuristizione birmano &#8211; italiana non abbia effetto. Ma i timori e le paure che si cerchi davvero di imbavagliare la rete italiana. Via l&#8217;Unit\u00e0 Con buona probabilit\u00e0 al prossimo &#8230; <a title=\"10, 100, 1000 souvenir della Mole Antonelliana\" class=\"read-more\" href=\"https:\/\/www.pasteris.it\/blog\/2009\/12\/15\/10-100-1000-souvenir-della-mole-antonelliana\/\" aria-label=\"Per saperne di pi\u00f9 su 10, 100, 1000 souvenir della Mole Antonelliana\">Leggi tutto<\/a><\/p>\n","protected":false},"author":3,"featured_media":0,"comment_status":"open","ping_status":"open","sticky":false,"template":"","format":"standard","meta":{"footnotes":""},"categories":[11,6,1,14],"tags":[2155,548,2160],"class_list":["post-15231","post","type-post","status-publish","format-standard","hentry","category-diritti","category-internet","category-politica","category-torino","tag-internet","tag-liberta","tag-torino"],"_links":{"self":[{"href":"https:\/\/www.pasteris.it\/blog\/wp-json\/wp\/v2\/posts\/15231","targetHints":{"allow":["GET"]}}],"collection":[{"href":"https:\/\/www.pasteris.it\/blog\/wp-json\/wp\/v2\/posts"}],"about":[{"href":"https:\/\/www.pasteris.it\/blog\/wp-json\/wp\/v2\/types\/post"}],"author":[{"embeddable":true,"href":"https:\/\/www.pasteris.it\/blog\/wp-json\/wp\/v2\/users\/3"}],"replies":[{"embeddable":true,"href":"https:\/\/www.pasteris.it\/blog\/wp-json\/wp\/v2\/comments?post=15231"}],"version-history":[{"count":3,"href":"https:\/\/www.pasteris.it\/blog\/wp-json\/wp\/v2\/posts\/15231\/revisions"}],"predecessor-version":[{"id":15235,"href":"https:\/\/www.pasteris.it\/blog\/wp-json\/wp\/v2\/posts\/15231\/revisions\/15235"}],"wp:attachment":[{"href":"https:\/\/www.pasteris.it\/blog\/wp-json\/wp\/v2\/media?parent=15231"}],"wp:term":[{"taxonomy":"category","embeddable":true,"href":"https:\/\/www.pasteris.it\/blog\/wp-json\/wp\/v2\/categories?post=15231"},{"taxonomy":"post_tag","embeddable":true,"href":"https:\/\/www.pasteris.it\/blog\/wp-json\/wp\/v2\/tags?post=15231"}],"curies":[{"name":"wp","href":"https:\/\/api.w.org\/{rel}","templated":true}]}}