{"id":15309,"date":"2009-12-18T07:47:35","date_gmt":"2009-12-18T06:47:35","guid":{"rendered":"http:\/\/www.pasteris.it\/blog\/?p=15309"},"modified":"2009-12-18T12:52:12","modified_gmt":"2009-12-18T11:52:12","slug":"i-cattivi-maestri-di-facebook","status":"publish","type":"post","link":"https:\/\/www.pasteris.it\/blog\/2009\/12\/18\/i-cattivi-maestri-di-facebook\/","title":{"rendered":"I cattivi maestri di Facebook"},"content":{"rendered":"<p>Per quanto da queste parti non si ami per niente Facebook,\u00a0 Schifani <a href=\"http:\/\/www.repubblica.it\/2009\/12\/sezioni\/politica\/giustizia-22\/governo-internet\/governo-internet.html\">pare non conoscere troppo la Rete<\/a>. In effetti da tempo l&#8217;idea che uno come Schifani sia la seconda carica dello Stato fa venire i brividi.<\/p>\n<blockquote><p>A dare un&#8217;idea di quel potrebbe essere il &#8220;limite&#8221; da imporre ai contenuti che viaggiano in Rete \u00e8 stato il presidente del Senato, Renato Schifani, il quale ha affermato, in sostanza, che Facebook \u00e8 pi\u00f9 pericoloso dei gruppi extraparlamentari degli anni 70. La seconda carica dello Stato non sembra avere dubbi sul contenuto di alcuni messaggi che si leggono sul network americano.<\/p>\n<p>&#8220;Si leggono dei veri e propri inni all&#8217;istigazione alla violenza. Negli anni 70, che pure furono pericolosi, non c&#8217;erano questi momenti aggregativi, che ci sono su questi siti. Cos\u00ec si rischia di autoalimentare l&#8217;odio che alligna in alcune frange&#8221;. Durante la cerimonia di auguri a Palazzo Giustiniani, Schifani ha espresso sintonia con il ministro dell&#8217;Interno, Roberto Maroni, di voler usare una legge e non un decreto per mettere ordine nel web. &#8220;Una cosa \u00e8 certa &#8211; ha sottolineato &#8211; qualcosa va fatto perch\u00e8 non si pu\u00f2 accettare che si pubblichino istigazioni all&#8217;odio violento&#8221;.<\/p><\/blockquote>\n","protected":false},"excerpt":{"rendered":"<p>Per quanto da queste parti non si ami per niente Facebook,\u00a0 Schifani pare non conoscere troppo la Rete. In effetti da tempo l&#8217;idea che uno come Schifani sia la seconda carica dello Stato fa venire i brividi. A dare un&#8217;idea di quel potrebbe essere il &#8220;limite&#8221; da imporre ai contenuti che viaggiano in Rete \u00e8 &#8230; <a title=\"I cattivi maestri di Facebook\" class=\"read-more\" href=\"https:\/\/www.pasteris.it\/blog\/2009\/12\/18\/i-cattivi-maestri-di-facebook\/\" aria-label=\"Per saperne di pi\u00f9 su I cattivi maestri di Facebook\">Leggi tutto<\/a><\/p>\n","protected":false},"author":3,"featured_media":0,"comment_status":"open","ping_status":"open","sticky":false,"template":"","format":"standard","meta":{"footnotes":""},"categories":[11,6,32],"tags":[2155,548],"class_list":["post-15309","post","type-post","status-publish","format-standard","hentry","category-diritti","category-internet","category-pensieri","tag-internet","tag-liberta"],"_links":{"self":[{"href":"https:\/\/www.pasteris.it\/blog\/wp-json\/wp\/v2\/posts\/15309","targetHints":{"allow":["GET"]}}],"collection":[{"href":"https:\/\/www.pasteris.it\/blog\/wp-json\/wp\/v2\/posts"}],"about":[{"href":"https:\/\/www.pasteris.it\/blog\/wp-json\/wp\/v2\/types\/post"}],"author":[{"embeddable":true,"href":"https:\/\/www.pasteris.it\/blog\/wp-json\/wp\/v2\/users\/3"}],"replies":[{"embeddable":true,"href":"https:\/\/www.pasteris.it\/blog\/wp-json\/wp\/v2\/comments?post=15309"}],"version-history":[{"count":5,"href":"https:\/\/www.pasteris.it\/blog\/wp-json\/wp\/v2\/posts\/15309\/revisions"}],"predecessor-version":[{"id":15316,"href":"https:\/\/www.pasteris.it\/blog\/wp-json\/wp\/v2\/posts\/15309\/revisions\/15316"}],"wp:attachment":[{"href":"https:\/\/www.pasteris.it\/blog\/wp-json\/wp\/v2\/media?parent=15309"}],"wp:term":[{"taxonomy":"category","embeddable":true,"href":"https:\/\/www.pasteris.it\/blog\/wp-json\/wp\/v2\/categories?post=15309"},{"taxonomy":"post_tag","embeddable":true,"href":"https:\/\/www.pasteris.it\/blog\/wp-json\/wp\/v2\/tags?post=15309"}],"curies":[{"name":"wp","href":"https:\/\/api.w.org\/{rel}","templated":true}]}}