{"id":15343,"date":"2009-12-18T23:32:27","date_gmt":"2009-12-18T22:32:27","guid":{"rendered":"http:\/\/www.pasteris.it\/blog\/?p=15343"},"modified":"2009-12-18T23:32:27","modified_gmt":"2009-12-18T22:32:27","slug":"obituary-saab","status":"publish","type":"post","link":"https:\/\/www.pasteris.it\/blog\/2009\/12\/18\/obituary-saab\/","title":{"rendered":"Obituary: Saab"},"content":{"rendered":"<p><a href=\"http:\/\/motori.corriere.it\/motori\/varie\/09_dicembre_18\/saab-fallite-trattative_eadd2aca-ec07-11de-b41e-00144f02aabc.shtml\">Via Corriere della Sera<\/a><\/p>\n<blockquote><p><img loading=\"lazy\" decoding=\"async\" class=\"alignright\" title=\"saab\" src=\"http:\/\/www.caloauto.it\/download\/Marche\/saab_logo_2000_present_small.jpg\" alt=\"\" width=\"101\" height=\"101\" \/>La vendita di Saab all&#8217;olandese Spyker non pu\u00f2 essere conclusa e il marchio svedese sar\u00e0 progressivamente chiuso. Lo afferma General Motors, sottolineando che Saab onorer\u00e0 comunque i suoi impegni sul fronte del debito. La chiusura avr\u00e0 conseguenze su circa 3-4 mila posti di lavoro in Svezia, anche se indiscrezioni stampa, tenendo conto dell&#8217;indotto, parlano di conseguenze su 8 mila lavoratori. E infatti il governo di Stoccolma ha espresso la sua \u00abtristezza\u00bb per il mancato accordo. Gm precisa inoltre che la chiusura progressiva del marchio Saab non \u00e8 una bancarotta o una forzata liquidazione.<\/p>\n<p><span style=\"font-weight: bold;\">&#8230;<\/span><\/p>\n<p>Acronimo di Svenska Aeroplan AktieBolaget (aeroplani svedesi societ\u00e0 per azioni), Saab nasce nel 1937 come azienda specializzata nella produzione di aeroplani. Al termine della seconda guerra mondiale, la societ\u00e0 inizia a diversificare la propria produzione entrando nel settore automobilistico e lanciando il suo primo modello di auto nel giugno 1947. Nel 1990 Gm acquista il 51% del marchio, per poi acquistare il restante 49% circa dieci anni dopo. Saab raggiunse una grande popolarit\u00e0 negli anni Ottanta con il modello 900, ma poi cominci\u00f2 un lento declino che l&#8217;anno scorso l&#8217;ha portata a coprire appena lo 0,4% delle vendite europee di auto, con una perdita netta di 3 miliardi di corone (270 milioni di euro).<\/p><\/blockquote>\n","protected":false},"excerpt":{"rendered":"<p>Via Corriere della Sera La vendita di Saab all&#8217;olandese Spyker non pu\u00f2 essere conclusa e il marchio svedese sar\u00e0 progressivamente chiuso. Lo afferma General Motors, sottolineando che Saab onorer\u00e0 comunque i suoi impegni sul fronte del debito. La chiusura avr\u00e0 conseguenze su circa 3-4 mila posti di lavoro in Svezia, anche se indiscrezioni stampa, tenendo &#8230; <a title=\"Obituary: Saab\" class=\"read-more\" href=\"https:\/\/www.pasteris.it\/blog\/2009\/12\/18\/obituary-saab\/\" aria-label=\"Per saperne di pi\u00f9 su Obituary: Saab\">Leggi tutto<\/a><\/p>\n","protected":false},"author":3,"featured_media":0,"comment_status":"open","ping_status":"open","sticky":false,"template":"","format":"standard","meta":{"footnotes":""},"categories":[17,15],"tags":[60,379],"class_list":["post-15343","post","type-post","status-publish","format-standard","hentry","category-economia","category-mobile","tag-automobile","tag-crisi"],"_links":{"self":[{"href":"https:\/\/www.pasteris.it\/blog\/wp-json\/wp\/v2\/posts\/15343","targetHints":{"allow":["GET"]}}],"collection":[{"href":"https:\/\/www.pasteris.it\/blog\/wp-json\/wp\/v2\/posts"}],"about":[{"href":"https:\/\/www.pasteris.it\/blog\/wp-json\/wp\/v2\/types\/post"}],"author":[{"embeddable":true,"href":"https:\/\/www.pasteris.it\/blog\/wp-json\/wp\/v2\/users\/3"}],"replies":[{"embeddable":true,"href":"https:\/\/www.pasteris.it\/blog\/wp-json\/wp\/v2\/comments?post=15343"}],"version-history":[{"count":2,"href":"https:\/\/www.pasteris.it\/blog\/wp-json\/wp\/v2\/posts\/15343\/revisions"}],"predecessor-version":[{"id":15345,"href":"https:\/\/www.pasteris.it\/blog\/wp-json\/wp\/v2\/posts\/15343\/revisions\/15345"}],"wp:attachment":[{"href":"https:\/\/www.pasteris.it\/blog\/wp-json\/wp\/v2\/media?parent=15343"}],"wp:term":[{"taxonomy":"category","embeddable":true,"href":"https:\/\/www.pasteris.it\/blog\/wp-json\/wp\/v2\/categories?post=15343"},{"taxonomy":"post_tag","embeddable":true,"href":"https:\/\/www.pasteris.it\/blog\/wp-json\/wp\/v2\/tags?post=15343"}],"curies":[{"name":"wp","href":"https:\/\/api.w.org\/{rel}","templated":true}]}}