{"id":15350,"date":"2009-12-19T10:56:39","date_gmt":"2009-12-19T09:56:39","guid":{"rendered":"http:\/\/www.pasteris.it\/blog\/?p=15350"},"modified":"2009-12-19T10:56:39","modified_gmt":"2009-12-19T09:56:39","slug":"la-modestia-se-la-possono-concedere-soltanto-coloro-che-di-aristocratica-immodestia-possono-vivere","status":"publish","type":"post","link":"https:\/\/www.pasteris.it\/blog\/2009\/12\/19\/la-modestia-se-la-possono-concedere-soltanto-coloro-che-di-aristocratica-immodestia-possono-vivere\/","title":{"rendered":"La modestia se la possono concedere soltanto coloro che di aristocratica immodestia possono vivere"},"content":{"rendered":"<p><a href=\"http:\/\/www.lastampa.it\/redazione\/cmsSezioni\/cultura\/200912articoli\/50531girata.asp\">Mimmo Candito ricorda Igor Man<\/a><\/p>\n<blockquote><p>Con uno dei tanti vezzi che amava coltivare, Igor Man aveva scelto \u00abIl vecchio cronista\u00bb come titolo della sua ultima rubrica nel nostro giornale. Sapeva bene d\u2019essere un personaggio pubblico, uno di quei nomi di immediata riconoscibilit\u00e0, figure e caratteri cui una dimensione mitica finisce per attribuire doti, valori, forza morale, che la quotidianit\u00e0 del vissuto privato non sempre \u00e8 pronta a sostenere; e allora, in quella volontaria riduzione di un ruolo (il Grande Giornalista, invece) conquistato con la sapiente costruzione della propria vita professionale, questo titolo modesto, da leggersi quasi con voce sommessa, piana, finiva per condensare il recupero di una autenticit\u00e0 difficile da vendere al grande pubblico.<\/p>\n<p>Ma era, comunque, un recupero orgogliosamente consapevole che la modestia se la possono concedere soltanto coloro che di aristocratica immodestia possono vivere. Man \u00e8 stato uno degli ultimi interpreti d\u2019un mondo che era scomparso con il secolo che finiva, il mondo degli \u00abinviati speciali\u00bb cui di diritto spettava il grande reportage nella Terza Pagina (anch\u2019essa sparita da tempo, travolta dalla mutazione genetica dell\u2019editoria).<\/p>\n<p><!--more--><\/p>\n<p>Oggi che i giornali sono fatti di notizie rapide, immediate, bruciate nella voracit\u00e0 insaziabile dei bit affastellati freneticamente dentro le modalit\u00e0 hertziane, un mestiere come quello degli inviati \u00e8 un lusso che nemmeno un museo della comunicazione riuscirebbe pi\u00f9 a proporre al consumo del sistema mediale.<\/p>\n<p>Era un lavoro affascinante e privilegiato, questo degli inviati, un lavoro nel quale dovevano sapersi fondere qualit\u00e0 di scrittura, capacit\u00e0 investigativa, forte personalit\u00e0, e una insaziabile voglia di viaggiare dentro la vita del mondo. E Man queste doti le aveva certamente, forse non tutte di pari forza ma ugualmente le sapeva utilizzare al meglio, costruendo con una meticolosa cura della loro qualit\u00e0 fascinatrice l\u2019identit\u00e0 pubblica del proprio personaggio (a cominciare dalla stessa sua firma: da Manzella a \u00abMan\u00bb, che ha questo suono netto e forte, di vite misteriose, esotiche, evocatrici di geografie impossibili e di grandi intrighi internazionali)<\/p><\/blockquote>\n","protected":false},"excerpt":{"rendered":"<p>Mimmo Candito ricorda Igor Man Con uno dei tanti vezzi che amava coltivare, Igor Man aveva scelto \u00abIl vecchio cronista\u00bb come titolo della sua ultima rubrica nel nostro giornale. Sapeva bene d\u2019essere un personaggio pubblico, uno di quei nomi di immediata riconoscibilit\u00e0, figure e caratteri cui una dimensione mitica finisce per attribuire doti, valori, forza &#8230; <a title=\"La modestia se la possono concedere soltanto coloro che di aristocratica immodestia possono vivere\" class=\"read-more\" href=\"https:\/\/www.pasteris.it\/blog\/2009\/12\/19\/la-modestia-se-la-possono-concedere-soltanto-coloro-che-di-aristocratica-immodestia-possono-vivere\/\" aria-label=\"Per saperne di pi\u00f9 su La modestia se la possono concedere soltanto coloro che di aristocratica immodestia possono vivere\">Leggi tutto<\/a><\/p>\n","protected":false},"author":3,"featured_media":0,"comment_status":"open","ping_status":"open","sticky":false,"template":"","format":"standard","meta":{"footnotes":""},"categories":[30,14],"tags":[161],"class_list":["post-15350","post","type-post","status-publish","format-standard","hentry","category-media","category-torino","tag-giornalisti"],"_links":{"self":[{"href":"https:\/\/www.pasteris.it\/blog\/wp-json\/wp\/v2\/posts\/15350","targetHints":{"allow":["GET"]}}],"collection":[{"href":"https:\/\/www.pasteris.it\/blog\/wp-json\/wp\/v2\/posts"}],"about":[{"href":"https:\/\/www.pasteris.it\/blog\/wp-json\/wp\/v2\/types\/post"}],"author":[{"embeddable":true,"href":"https:\/\/www.pasteris.it\/blog\/wp-json\/wp\/v2\/users\/3"}],"replies":[{"embeddable":true,"href":"https:\/\/www.pasteris.it\/blog\/wp-json\/wp\/v2\/comments?post=15350"}],"version-history":[{"count":1,"href":"https:\/\/www.pasteris.it\/blog\/wp-json\/wp\/v2\/posts\/15350\/revisions"}],"predecessor-version":[{"id":15351,"href":"https:\/\/www.pasteris.it\/blog\/wp-json\/wp\/v2\/posts\/15350\/revisions\/15351"}],"wp:attachment":[{"href":"https:\/\/www.pasteris.it\/blog\/wp-json\/wp\/v2\/media?parent=15350"}],"wp:term":[{"taxonomy":"category","embeddable":true,"href":"https:\/\/www.pasteris.it\/blog\/wp-json\/wp\/v2\/categories?post=15350"},{"taxonomy":"post_tag","embeddable":true,"href":"https:\/\/www.pasteris.it\/blog\/wp-json\/wp\/v2\/tags?post=15350"}],"curies":[{"name":"wp","href":"https:\/\/api.w.org\/{rel}","templated":true}]}}