{"id":15460,"date":"2009-12-23T22:14:14","date_gmt":"2009-12-23T21:14:14","guid":{"rendered":"http:\/\/www.pasteris.it\/blog\/?p=15460"},"modified":"2009-12-23T22:14:14","modified_gmt":"2009-12-23T21:14:14","slug":"la-fiat-che-verra","status":"publish","type":"post","link":"https:\/\/www.pasteris.it\/blog\/2009\/12\/23\/la-fiat-che-verra\/","title":{"rendered":"La Fiat che verr\u00e0"},"content":{"rendered":"<p><a href=\"http:\/\/www3.lastampa.it\/torino\/sezioni\/economia\/articolo\/lstp\/108372\/\">Marina Cassi su Lastampa.it<\/a><\/p>\n<blockquote><p>sono confermati, per il 2010, alcuni modelli Idea, Musa, Mi.To; altri sono annunciati in fine produzione come Punto e Multipla. E due sono, nel 2011, in arrivo: si tratta del monovolume L0 che sar\u00e0 realizzato a cinque e a sette porte; si potrebbe dire una sorta di prosecuzione ideale della Multipla.<\/p>\n<p>Ma le notizie sui modelli, peraltro gi\u00e0 conosciute, non si fermano qui. Marchionne spiega che Mirafiori sar\u00e0 riorganizzata per \u00abinstallare una linea di produzione del tutto nuova, che sia in grado di costruire contemporaneamente modelli diversi\u00bb. Il reparto della lastratura sar\u00e0 completamente rifatto. L\u2019obiettivo \u00e8 \u00abottimizzare la flessibilit\u00e0 del sito, saturare la capacit\u00e0 produttiva, migliorare l\u2019utilizzo della manodopera, ridurre i tempi di formazione e le operazioni per ogni persona\u00bb. Per Marchionne sono \u00abinterventi che cambieranno a fondo Mirafiori\u00bb.<br \/>\nL\u2019ad Fiat ha anche parlato della Bertone &#8211; vera novit\u00e0 dell\u2019anno &#8211; riconfermando che l\u00ec, a partire dal 2011, si produrranno due modelli Chrysler di alta gamma con l\u2019obiettivo di arrivare a una produzione di 50 mila auto all\u2019anno. Marchionne si concede una battuta: \u00abCredo che al di l\u00e0 del programma di lavoro la cosa pi\u00f9 importante sia che questa iniziativa ci ha permesso di dare un futuro lavorativo a pi\u00f9 di mille persone che non facevano parte del gruppo Fiat\u00bb.\n<\/p><\/blockquote>\n","protected":false},"excerpt":{"rendered":"<p>Marina Cassi su Lastampa.it sono confermati, per il 2010, alcuni modelli Idea, Musa, Mi.To; altri sono annunciati in fine produzione come Punto e Multipla. E due sono, nel 2011, in arrivo: si tratta del monovolume L0 che sar\u00e0 realizzato a cinque e a sette porte; si potrebbe dire una sorta di prosecuzione ideale della Multipla. &#8230; <a title=\"La Fiat che verr\u00e0\" class=\"read-more\" href=\"https:\/\/www.pasteris.it\/blog\/2009\/12\/23\/la-fiat-che-verra\/\" aria-label=\"Per saperne di pi\u00f9 su La Fiat che verr\u00e0\">Leggi tutto<\/a><\/p>\n","protected":false},"author":3,"featured_media":0,"comment_status":"open","ping_status":"open","sticky":false,"template":"","format":"standard","meta":{"footnotes":""},"categories":[17,14],"tags":[60,131,2160],"class_list":["post-15460","post","type-post","status-publish","format-standard","hentry","category-economia","category-torino","tag-automobile","tag-fiat","tag-torino"],"_links":{"self":[{"href":"https:\/\/www.pasteris.it\/blog\/wp-json\/wp\/v2\/posts\/15460","targetHints":{"allow":["GET"]}}],"collection":[{"href":"https:\/\/www.pasteris.it\/blog\/wp-json\/wp\/v2\/posts"}],"about":[{"href":"https:\/\/www.pasteris.it\/blog\/wp-json\/wp\/v2\/types\/post"}],"author":[{"embeddable":true,"href":"https:\/\/www.pasteris.it\/blog\/wp-json\/wp\/v2\/users\/3"}],"replies":[{"embeddable":true,"href":"https:\/\/www.pasteris.it\/blog\/wp-json\/wp\/v2\/comments?post=15460"}],"version-history":[{"count":1,"href":"https:\/\/www.pasteris.it\/blog\/wp-json\/wp\/v2\/posts\/15460\/revisions"}],"predecessor-version":[{"id":15461,"href":"https:\/\/www.pasteris.it\/blog\/wp-json\/wp\/v2\/posts\/15460\/revisions\/15461"}],"wp:attachment":[{"href":"https:\/\/www.pasteris.it\/blog\/wp-json\/wp\/v2\/media?parent=15460"}],"wp:term":[{"taxonomy":"category","embeddable":true,"href":"https:\/\/www.pasteris.it\/blog\/wp-json\/wp\/v2\/categories?post=15460"},{"taxonomy":"post_tag","embeddable":true,"href":"https:\/\/www.pasteris.it\/blog\/wp-json\/wp\/v2\/tags?post=15460"}],"curies":[{"name":"wp","href":"https:\/\/api.w.org\/{rel}","templated":true}]}}