{"id":1555,"date":"2007-04-19T20:46:49","date_gmt":"2007-04-19T18:46:49","guid":{"rendered":"http:\/\/www.pasteris.it\/blog\/2007\/04\/19\/briciole-di-blog\/"},"modified":"2007-04-19T20:46:49","modified_gmt":"2007-04-19T18:46:49","slug":"briciole-di-blog","status":"publish","type":"post","link":"https:\/\/www.pasteris.it\/blog\/2007\/04\/19\/briciole-di-blog\/","title":{"rendered":"Briciole di blog"},"content":{"rendered":"<p>da <a href=\"http:\/\/vittorio.blog.lastampa.it\/il_mio_weblog\/2007\/04\/un_po_amministr.html\" target=\"_blank\">vittorio.blog.lastampa.it\u00a0<\/a><\/p>\n<p>Prima o poi doveva capitare, me lo sentivo che la gestione del \u201cmondo blog\u201d di Lastampa.it passasse alla mia persona. Per affinit\u00e0 elettive o per competenze professionali o per altre ragioni. In effetti poi \u00e8 andata cos\u00ec ed eccomi qui.<\/p>\n","protected":false},"excerpt":{"rendered":"<p>da vittorio.blog.lastampa.it\u00a0 Prima o poi doveva capitare, me lo sentivo che la gestione del \u201cmondo blog\u201d di Lastampa.it passasse alla mia persona. Per affinit\u00e0 elettive o per competenze professionali o per altre ragioni. In effetti poi \u00e8 andata cos\u00ec ed eccomi qui.<\/p>\n","protected":false},"author":4,"featured_media":0,"comment_status":"closed","ping_status":"open","sticky":false,"template":"","format":"standard","meta":{"footnotes":""},"categories":[],"tags":[2157,193,2169,26,363],"class_list":["post-1555","post","type-post","status-publish","format-standard","hentry","tag-blog","tag-lastampa","tag-mondo","tag-vittorio","tag-web"],"_links":{"self":[{"href":"https:\/\/www.pasteris.it\/blog\/wp-json\/wp\/v2\/posts\/1555","targetHints":{"allow":["GET"]}}],"collection":[{"href":"https:\/\/www.pasteris.it\/blog\/wp-json\/wp\/v2\/posts"}],"about":[{"href":"https:\/\/www.pasteris.it\/blog\/wp-json\/wp\/v2\/types\/post"}],"author":[{"embeddable":true,"href":"https:\/\/www.pasteris.it\/blog\/wp-json\/wp\/v2\/users\/4"}],"replies":[{"embeddable":true,"href":"https:\/\/www.pasteris.it\/blog\/wp-json\/wp\/v2\/comments?post=1555"}],"version-history":[{"count":0,"href":"https:\/\/www.pasteris.it\/blog\/wp-json\/wp\/v2\/posts\/1555\/revisions"}],"wp:attachment":[{"href":"https:\/\/www.pasteris.it\/blog\/wp-json\/wp\/v2\/media?parent=1555"}],"wp:term":[{"taxonomy":"category","embeddable":true,"href":"https:\/\/www.pasteris.it\/blog\/wp-json\/wp\/v2\/categories?post=1555"},{"taxonomy":"post_tag","embeddable":true,"href":"https:\/\/www.pasteris.it\/blog\/wp-json\/wp\/v2\/tags?post=1555"}],"curies":[{"name":"wp","href":"https:\/\/api.w.org\/{rel}","templated":true}]}}