{"id":15589,"date":"2009-12-30T16:42:23","date_gmt":"2009-12-30T15:42:23","guid":{"rendered":"http:\/\/www.pasteris.it\/blog\/?p=15589"},"modified":"2009-12-30T16:42:23","modified_gmt":"2009-12-30T15:42:23","slug":"you-presidente-napolitano","status":"publish","type":"post","link":"https:\/\/www.pasteris.it\/blog\/2009\/12\/30\/you-presidente-napolitano\/","title":{"rendered":"You presidente Napolitano"},"content":{"rendered":"<p><img decoding=\"async\" id=\"fotohome\" class=\"alignright\" src=\"http:\/\/www.quirinale.it\/elementi\/Generici\/MostraImmagineFoto.aspx?key=4035&amp;sezione=NOTIZIE&amp;ref=633977870605468750\" alt=\"Il Presidente Napolitano\" \/>Il 31 dicembre 2009, con il messaggio di fine anno del Presidente della Repubblica agli italiani, il <a href=\"http:\/\/www.quirinale.it\/\">Quirinale<\/a> lancia il suo canale ufficiale su YouTube. Accessibile a <a href=\"http:\/\/www.youtube.com\/presidenzarepubblica\">questo<\/a> indirizzo , il canale raccoglier\u00e0 filmati degli interventi pi\u00f9 significativi dell&#8217;attivit\u00e0 del Capo dello Stato.<\/p>\n<p>Il canale YouTube della Presidenza della Repubblica sar\u00e0 aperto da un messaggio di benvenuto del Presidente Napolitano: &#8220;Apriamo le porte del Quirinale ai tanti utenti dei nuovi media non solo per ampliare e rendere sempre pi\u00f9 efficienti e moderni gli strumenti della nostra comunicazione ma anche per promuovere e favorire un rapporto sempre pi\u00f9 stretto e trasparente con i cittadini. Le nuove tecnologie non conoscono n\u00e9 barriere n\u00e9 frontiere. Ci incontreremo in questo spazio per costruire, insieme, occasioni di partecipazione alla vita democratica&#8221;.<\/p>\n","protected":false},"excerpt":{"rendered":"<p>Il 31 dicembre 2009, con il messaggio di fine anno del Presidente della Repubblica agli italiani, il Quirinale lancia il suo canale ufficiale su YouTube. Accessibile a questo indirizzo , il canale raccoglier\u00e0 filmati degli interventi pi\u00f9 significativi dell&#8217;attivit\u00e0 del Capo dello Stato. Il canale YouTube della Presidenza della Repubblica sar\u00e0 aperto da un messaggio &#8230; <a title=\"You presidente Napolitano\" class=\"read-more\" href=\"https:\/\/www.pasteris.it\/blog\/2009\/12\/30\/you-presidente-napolitano\/\" aria-label=\"Per saperne di pi\u00f9 su You presidente Napolitano\">Leggi tutto<\/a><\/p>\n","protected":false},"author":3,"featured_media":0,"comment_status":"open","ping_status":"open","sticky":false,"template":"","format":"standard","meta":{"footnotes":""},"categories":[1,13,32],"tags":[61,547,1204],"class_list":["post-15589","post","type-post","status-publish","format-standard","hentry","category-politica","category-multimedia","category-pensieri","tag-italia","tag-napolitano","tag-quirinale"],"_links":{"self":[{"href":"https:\/\/www.pasteris.it\/blog\/wp-json\/wp\/v2\/posts\/15589","targetHints":{"allow":["GET"]}}],"collection":[{"href":"https:\/\/www.pasteris.it\/blog\/wp-json\/wp\/v2\/posts"}],"about":[{"href":"https:\/\/www.pasteris.it\/blog\/wp-json\/wp\/v2\/types\/post"}],"author":[{"embeddable":true,"href":"https:\/\/www.pasteris.it\/blog\/wp-json\/wp\/v2\/users\/3"}],"replies":[{"embeddable":true,"href":"https:\/\/www.pasteris.it\/blog\/wp-json\/wp\/v2\/comments?post=15589"}],"version-history":[{"count":2,"href":"https:\/\/www.pasteris.it\/blog\/wp-json\/wp\/v2\/posts\/15589\/revisions"}],"predecessor-version":[{"id":15591,"href":"https:\/\/www.pasteris.it\/blog\/wp-json\/wp\/v2\/posts\/15589\/revisions\/15591"}],"wp:attachment":[{"href":"https:\/\/www.pasteris.it\/blog\/wp-json\/wp\/v2\/media?parent=15589"}],"wp:term":[{"taxonomy":"category","embeddable":true,"href":"https:\/\/www.pasteris.it\/blog\/wp-json\/wp\/v2\/categories?post=15589"},{"taxonomy":"post_tag","embeddable":true,"href":"https:\/\/www.pasteris.it\/blog\/wp-json\/wp\/v2\/tags?post=15589"}],"curies":[{"name":"wp","href":"https:\/\/api.w.org\/{rel}","templated":true}]}}