{"id":15620,"date":"2009-12-31T14:11:16","date_gmt":"2009-12-31T13:11:16","guid":{"rendered":"http:\/\/www.pasteris.it\/blog\/?p=15620"},"modified":"2009-12-31T19:17:39","modified_gmt":"2009-12-31T18:17:39","slug":"buon-2010-con-un-classico-brasileiro-belga","status":"publish","type":"post","link":"https:\/\/www.pasteris.it\/blog\/2009\/12\/31\/buon-2010-con-un-classico-brasileiro-belga\/","title":{"rendered":"Buon 2010 con un classico brasileiro-belga"},"content":{"rendered":"<p>Che trenino sia !!! Buon 2010 !!!<br \/>\n<object classid=\"clsid:d27cdb6e-ae6d-11cf-96b8-444553540000\" width=\"425\" height=\"344\" codebase=\"http:\/\/download.macromedia.com\/pub\/shockwave\/cabs\/flash\/swflash.cab#version=6,0,40,0\"><param name=\"allowFullScreen\" value=\"true\" \/><param name=\"allowscriptaccess\" value=\"always\" \/><param name=\"src\" value=\"http:\/\/www.youtube.com\/v\/IHKl63d-TfM&amp;hl=it_IT&amp;fs=1&amp;rel=0&amp;color1=0x3a3a3a&amp;color2=0x999999\" \/><param name=\"allowfullscreen\" value=\"true\" \/><embed type=\"application\/x-shockwave-flash\" width=\"425\" height=\"344\" src=\"http:\/\/www.youtube.com\/v\/IHKl63d-TfM&amp;hl=it_IT&amp;fs=1&amp;rel=0&amp;color1=0x3a3a3a&amp;color2=0x999999\" allowscriptaccess=\"always\" allowfullscreen=\"true\"><\/embed><\/object><\/p>\n<p>Per i cultori dei classici di capodanno: lo storico brano da <em>ultimo dell&#8217;anno<\/em> \u00e8 <a href=\"http:\/\/it.wikipedia.org\/wiki\/Disco_samba\">Disco Samba<\/a>, un medley realizzato nel 1978 dai belgi <a title=\"Two Man Sound\" href=\"http:\/\/it.wikipedia.org\/wiki\/Two_Man_Sound\">Two Man Sound<\/a>.<\/p>\n<p>L&#8217;imperdibile testo e gli autori delle singole strofe:<\/p>\n<p><!--more--><br \/>\nTaj Mahal<br \/>\n(Jorge Ben)<br \/>\nD\u00ea, d\u00ea, d\u00ead\u00eared\u00ea, d\u00ea, d\u00ea, d\u00ead\u00eared\u00ea d\u00ea, d\u00ea<br \/>\nD\u00ea, d\u00ea, d\u00ead\u00eared\u00ea, d\u00ea, d\u00ea, d\u00ead\u00eared\u00ea d\u00ea, d\u00ea<\/p>\n<p>Upa Neguinho<br \/>\n(Edu Lobo)<br \/>\nUpa neguinho na estrada<br \/>\nUpa pra l\u00e1 e pra c\u00e1<br \/>\nVirge que coisa mais linda!<br \/>\nUpa neguinho come\u00e7ando a andar<br \/>\ncome\u00e7ando a andar, come\u00e7ando a andar<\/p>\n<p>Zazueira<br \/>\n(Jorge Ben)<br \/>\nZazueira, Zazueira<br \/>\nZazueira, Zazueira<\/p>\n<p>A, E, I, O, U, Ypselum<br \/>\n(Lou Deprijck)<br \/>\nA, E, I, O, U, Ypselum<br \/>\nA, E, I, O, U, Ypselum<br \/>\nA, E, I, O, U, Ypselum<\/p>\n<p>Fio Maravilha<br \/>\n(Jorge Ben)<br \/>\nFio Maravilha, n\u00f3s gozamos de voc\u00ea<br \/>\nD\u00ea, d\u00ea, d\u00ead\u00eared\u00ea, d\u00ea<br \/>\nFio Maravilha faz mais um pra gente ver<br \/>\nd\u00ea, d\u00ead\u00eared\u00ea d\u00ea, d\u00ea<\/p>\n<p>Brigitte Bardot<br \/>\n(Miguel Gustaud)<\/p>\n<p>Brigitte Bardot, Bardot<br \/>\nBrigitte beijo beijo<br \/>\nNa tela do cinema todo mundo se afocou<\/p>\n<p>Ay ay Caramba<br \/>\n(Jorgen Ben)<br \/>\nAy ay Caramba<br \/>\nAy ay Caramba,<br \/>\nAy ay Caramba<br \/>\nAy ay Caramba<\/p>\n<p>Pa\u00eds Tropical<br \/>\n(Jorge Ben)<br \/>\nMoro, num pa\u00eds tropical, aben\u00e7oado por Deus<br \/>\nQue \u00e9 bonito por natureza mas que beleza<\/p>\n<p>So fla fla<br \/>\n(Lou Deprijck)<br \/>\nSo fla so fla, ma e e<br \/>\nSo fla so fla, ae e e<br \/>\nSo fla so fla, ma e e<br \/>\nSo fla so fla, ae e e<\/p>\n<p>Brasil<br \/>\n(Ary Barroso)<br \/>\nBrasil<br \/>\nLaralalar\u00e1 la ra lai (Eu sou brasileiro)<br \/>\nLaralalar\u00e1 la ra l\u00e1<br \/>\nLaralalar\u00e1 la ra l\u00e1<br \/>\nBrasil, Brasil<\/p>\n<p>Voc\u00ea abusou<br \/>\n(Antonio Carlos Jocafi)<br \/>\nVoc\u00ea abusou,<br \/>\nTiro partido de mim, abusou<br \/>\nTiro partido de mim, abusou<br \/>\nTiro partido de mim, abusou<\/p>\n<p>Nega<br \/>\n(Wando)<br \/>\nNa, na, na<br \/>\nNe&#8230;ega, Ne..ega, Ne&#8230;ega<br \/>\nTiro barubarubae<\/p>\n<p>Tristeza<br \/>\n(Haroldo Lobo \/Nitinho)<br \/>\nLara lai ra, larara lai la ra l\u00e2<br \/>\nlarara lai la ra l\u00e2<br \/>\nQuero depois eu cantar<\/p>\n<p>Charlie Brown<br \/>\n(Benito di Paula)<br \/>\nEh! meu amigo Charlie (se voc\u00ea quizer)<br \/>\nEh! meu amigo Charlie Brown<br \/>\nCharlie Brown, Charlie Brown<\/p>\n<p>Pegano Ganze<br \/>\n(Arr. Lou Deprijck \/ Sylvain Vanholmen)<br \/>\nOl\u00ea l\u00ea, Ol\u00e2 l\u00e2<br \/>\nPegano Ganze<br \/>\nPegano Ganza<br \/>\nOl\u00ea le, Ol\u00e1 la<br \/>\nPegano Ganze<br \/>\nPegano Ganza<\/p>\n<p>Mariana<br \/>\n(Mariano de Souza \/ Olho Verde \/ Paulo Brass\u00e3o)<br \/>\nMariana, Mariana<br \/>\nQue saudade t\u00e1<br \/>\n\u00c9 na linda baiana<\/p>\n<p>Mas que Nada<br \/>\n(Jorge Ben)<br \/>\nOh&#8230;oooh ari\u00e1 rai\u00f3<br \/>\nOb\u00e1 ob\u00e1 ob\u00e1<br \/>\nOh&#8230;oooh ari\u00e1 rai\u00f3<br \/>\nOb\u00e1 ob\u00e1 ob\u00e1<\/p>\n<p>Desacato<br \/>\n(Antonio Carlos Jocafi)<br \/>\nPor isso agora deixe estar<br \/>\nDeixe estar que eu vou entregar voc\u00ea<br \/>\nPor isso agora deixe estar<br \/>\nDeixe estar que eu vou entregar voc\u00ea<\/p>\n<p>Copacabana<br \/>\n(Vanholmen \/ Penny Els)<br \/>\nOl\u00ea Ol\u00e2<br \/>\nO Flamengo ta botando pra quebrar<br \/>\nOl\u00ea Ol\u00e2<br \/>\nO Flamengo ta botando pra quebrar<\/p>\n<p>Ritmocada<br \/>\n(Lou Deprijck)<br \/>\nBahia<br \/>\nNa nara nara&#8230;<br \/>\nVoc\u00ea vai<br \/>\nZum zum zum zum zum<br \/>\nOl\u00earere lere lai &#8230;<\/p>\n<p>Charlie Brown<br \/>\n(Benito di Paula)<br \/>\nEh! meu amigo Charlie<br \/>\nEh! meu amigo Charlie Brown<br \/>\nCharlie Brown, \u00e9&#8230;<\/p>\n","protected":false},"excerpt":{"rendered":"<p>Che trenino sia !!! Buon 2010 !!! Per i cultori dei classici di capodanno: lo storico brano da ultimo dell&#8217;anno \u00e8 Disco Samba, un medley realizzato nel 1978 dai belgi Two Man Sound. L&#8217;imperdibile testo e gli autori delle singole strofe:<\/p>\n","protected":false},"author":3,"featured_media":0,"comment_status":"open","ping_status":"open","sticky":false,"template":"","format":"standard","meta":{"footnotes":""},"categories":[13,424],"tags":[],"class_list":["post-15620","post","type-post","status-publish","format-standard","hentry","category-multimedia","category-personale"],"_links":{"self":[{"href":"https:\/\/www.pasteris.it\/blog\/wp-json\/wp\/v2\/posts\/15620","targetHints":{"allow":["GET"]}}],"collection":[{"href":"https:\/\/www.pasteris.it\/blog\/wp-json\/wp\/v2\/posts"}],"about":[{"href":"https:\/\/www.pasteris.it\/blog\/wp-json\/wp\/v2\/types\/post"}],"author":[{"embeddable":true,"href":"https:\/\/www.pasteris.it\/blog\/wp-json\/wp\/v2\/users\/3"}],"replies":[{"embeddable":true,"href":"https:\/\/www.pasteris.it\/blog\/wp-json\/wp\/v2\/comments?post=15620"}],"version-history":[{"count":3,"href":"https:\/\/www.pasteris.it\/blog\/wp-json\/wp\/v2\/posts\/15620\/revisions"}],"predecessor-version":[{"id":15622,"href":"https:\/\/www.pasteris.it\/blog\/wp-json\/wp\/v2\/posts\/15620\/revisions\/15622"}],"wp:attachment":[{"href":"https:\/\/www.pasteris.it\/blog\/wp-json\/wp\/v2\/media?parent=15620"}],"wp:term":[{"taxonomy":"category","embeddable":true,"href":"https:\/\/www.pasteris.it\/blog\/wp-json\/wp\/v2\/categories?post=15620"},{"taxonomy":"post_tag","embeddable":true,"href":"https:\/\/www.pasteris.it\/blog\/wp-json\/wp\/v2\/tags?post=15620"}],"curies":[{"name":"wp","href":"https:\/\/api.w.org\/{rel}","templated":true}]}}