{"id":15708,"date":"2010-01-05T11:10:39","date_gmt":"2010-01-05T10:10:39","guid":{"rendered":"http:\/\/www.pasteris.it\/blog\/?p=15708"},"modified":"2010-01-05T18:15:55","modified_gmt":"2010-01-05T17:15:55","slug":"continua-la-maledizione-del-grinzane","status":"publish","type":"post","link":"https:\/\/www.pasteris.it\/blog\/2010\/01\/05\/continua-la-maledizione-del-grinzane\/","title":{"rendered":"Continua la maledizione del Grinzane"},"content":{"rendered":"<p>Ora ci vuole una terza asta (<a href=\"http:\/\/www3.lastampa.it\/torino\/sezioni\/cronaca\/articolo\/lstp\/112032\/\">via Lastampa.it<\/a>)<\/p>\n<blockquote><p>L&#8217;affaire Grinzane salta di nuovo: nulla pure la seconda asta. Entro fine mese sar\u00e0 indetta una nuova gara, come ha deciso ieri il tribunale di Torino. Era il 15 dicembre. Presso lo studio del notaio Giovanna Ioli (per la seconda volta nel giro di un mese) la Fondazione Lattes vinceva per 336 mila euro tutto il bottino che fu un tempo di Giuliano Soria. Asta vinta a tavolino per mancanza dell&#8217;altro contraente, Gianni Aringoli della romana fondazione Epok\u00e9.<\/p>\n<p><!--more--><\/p>\n<p>Le spoglie (per ora solo pi\u00f9 quelle, visto che i marchi che consentono di chiamare &#8220;Grinzane&#8221; un nuovo Grinzane sono attualmente congelati in attesa dello scioglimento della vicenda giudiziaria) sembravano aver trovato un nuovo padrone, pronto a riazzerare il contatore e ripartire da maggio 2010 con progetti legati a filo doppio alla Fiera del Libro e alla sua Fondazione.<br \/>\nInvece no. Tutto da rifare. Per la terza &#8211; chiss\u00e0 se ultima &#8211; volta. Gianni Aringoli fa ricorso il giorno prima di Natale al Tribunale di Torino: lamenta nuove irregolarit\u00e0 nello svolgimento di una competizione che (sostiene) neppure si \u00e8 tenuta, visto che il verbale era stato chiuso dal liquidatore Enrico Stasi dieci minuti prima del suo arrivo, ore 18.30, cio\u00e8 un&#8217;ora e mezza dopo l&#8217;orario ufficiale dell&#8217;appuntamento. Il ricorso viene respinto, intanto la Lattes paga i soldi promessi, con assegno circolare e in attesa di poter formalizzare l&#8217;acquisto. Qualche sommovimento legale, ma la situazione non sembrava cambiata. Fino a luned\u00ec scorso, il 28 dicembre, quando \u00e8 accaduto quel che pi\u00f9 nessuno poteva immaginare: al liquidatore pervengono altre due offerte identiche, pressoch\u00e9 nello stesso momento. Due nuove proposte di acquisizione, maggiorate del 10 per cento rispetto a quella con cui la Lattes si era appena accaparrata il Premio, il know how, un immobile, un ex dipendente Grinzane e l&#8217;ex libreria del fu patron Soria: 370 mila euro.<\/p><\/blockquote>\n","protected":false},"excerpt":{"rendered":"<p>Ora ci vuole una terza asta (via Lastampa.it) L&#8217;affaire Grinzane salta di nuovo: nulla pure la seconda asta. Entro fine mese sar\u00e0 indetta una nuova gara, come ha deciso ieri il tribunale di Torino. Era il 15 dicembre. Presso lo studio del notaio Giovanna Ioli (per la seconda volta nel giro di un mese) la &#8230; <a title=\"Continua la maledizione del Grinzane\" class=\"read-more\" href=\"https:\/\/www.pasteris.it\/blog\/2010\/01\/05\/continua-la-maledizione-del-grinzane\/\" aria-label=\"Per saperne di pi\u00f9 su Continua la maledizione del Grinzane\">Leggi tutto<\/a><\/p>\n","protected":false},"author":3,"featured_media":0,"comment_status":"open","ping_status":"open","sticky":false,"template":"","format":"standard","meta":{"footnotes":""},"categories":[32,14],"tags":[735,772],"class_list":["post-15708","post","type-post","status-publish","format-standard","hentry","category-pensieri","category-torino","tag-grinzane","tag-soria"],"_links":{"self":[{"href":"https:\/\/www.pasteris.it\/blog\/wp-json\/wp\/v2\/posts\/15708","targetHints":{"allow":["GET"]}}],"collection":[{"href":"https:\/\/www.pasteris.it\/blog\/wp-json\/wp\/v2\/posts"}],"about":[{"href":"https:\/\/www.pasteris.it\/blog\/wp-json\/wp\/v2\/types\/post"}],"author":[{"embeddable":true,"href":"https:\/\/www.pasteris.it\/blog\/wp-json\/wp\/v2\/users\/3"}],"replies":[{"embeddable":true,"href":"https:\/\/www.pasteris.it\/blog\/wp-json\/wp\/v2\/comments?post=15708"}],"version-history":[{"count":2,"href":"https:\/\/www.pasteris.it\/blog\/wp-json\/wp\/v2\/posts\/15708\/revisions"}],"predecessor-version":[{"id":15710,"href":"https:\/\/www.pasteris.it\/blog\/wp-json\/wp\/v2\/posts\/15708\/revisions\/15710"}],"wp:attachment":[{"href":"https:\/\/www.pasteris.it\/blog\/wp-json\/wp\/v2\/media?parent=15708"}],"wp:term":[{"taxonomy":"category","embeddable":true,"href":"https:\/\/www.pasteris.it\/blog\/wp-json\/wp\/v2\/categories?post=15708"},{"taxonomy":"post_tag","embeddable":true,"href":"https:\/\/www.pasteris.it\/blog\/wp-json\/wp\/v2\/tags?post=15708"}],"curies":[{"name":"wp","href":"https:\/\/api.w.org\/{rel}","templated":true}]}}