{"id":15724,"date":"2010-01-06T23:37:05","date_gmt":"2010-01-06T22:37:05","guid":{"rendered":"http:\/\/www.pasteris.it\/blog\/?p=15724"},"modified":"2010-01-06T23:11:44","modified_gmt":"2010-01-06T22:11:44","slug":"incertezze-sulla-strada-per-omaha","status":"publish","type":"post","link":"https:\/\/www.pasteris.it\/blog\/2010\/01\/06\/incertezze-sulla-strada-per-omaha\/","title":{"rendered":"Incertezze sulla strada per Omaha"},"content":{"rendered":"<p><a href=\"http:\/\/blinkenmedia.it\/2010\/01\/06\/di-cosa-parliamo-quando-diciamo-ereader-e-del-perche-stia-materializzando-sia-un-sogno-che-un-omaha-beach-per-gli-editori\/\">Via Marco Formento<\/a><\/p>\n<blockquote>\n<p style=\"text-align: left;\">Nella concitazione del <a href=\"http:\/\/lastampa.it\/_web\/cmstp\/tmplrubriche\/giornalisti\/hrubrica.asp?ID_blog=285#\">momento attuale<\/a> riguardo a eBook, iSlate, etc vale la pena focalizzarsi sul perch\u00e9 tale momento sia cos\u00ec partecipato dai quotidiani \u00a0e magazine e non visto da essi come una partita soprattutto libraria.<\/p>\n<p>I quotidiani si sento accerchiati. Hanno perso senso le rotative (il potere), la distribuzione (esclusivit\u00e0) la stampa (il prestigio), mentre stanno perdendo tout-court lettori (audience e denaro) e pubblicit\u00e0 (denaro) senza riuscire a rispondere pienamente, almeno per ora. Chi pu\u00f2, ad esempio gli editori francesi, si abbeverano alle casse dello stato, in maniera anche importante. Ma \u00a0in Italia difficilmente arriveranno denari per la stampa, almeno fin tanto che dura questo governo, che non nasconde di mettere giornali e giornalisti nello stesso canestro di giudici, comici e comunisti.<br \/>\nAlcuni gruppi, grandi e piccoli, certo fanno ottimi prodotti online, ma nulla che possa rivaleggiare con il Vecchio Mondo in quanto ai punti sopra, n\u00e9 per barriere all\u2019ingresso n\u00e9 per fatturati.<\/p>\n<p>Il caso Kindle\/Nook\/Skiff-Hearst etc e ci\u00f2 che ne consegue sta iniziando ad essere visto un po\u2019 come Omaha Beach, credo: terreno che non si pu\u00f2 lasciare a nessun costo, partita capitale dove, questa volta, emergere perch\u00e9 siamo con le spalle al muro e non si sa neanche come finir\u00e0 la vertenza aperta con forza contro Google lato performance ad\/indicizzazione-aggregazione. Il sentiment che sento circolare \u00e8 insomma la voglia di non perdere anche questo treno, riconquistare qualcosa dello spazio perduto (e con questa tecnologia\/device\/ecosistema iTunizzante si pensa di potersi riprendere almeno distribuzione (ancorch\u00e9 in bit) e paywall su un prodotto poi \u00a0che \u00e8 culturalmente di carta (in quanto gli eBook non sono poi che \u2019stampanti paperless connesse\u2019) in quasi formato A4. Incerto.<\/p><\/blockquote>\n","protected":false},"excerpt":{"rendered":"<p>Via Marco Formento Nella concitazione del momento attuale riguardo a eBook, iSlate, etc vale la pena focalizzarsi sul perch\u00e9 tale momento sia cos\u00ec partecipato dai quotidiani \u00a0e magazine e non visto da essi come una partita soprattutto libraria. I quotidiani si sento accerchiati. Hanno perso senso le rotative (il potere), la distribuzione (esclusivit\u00e0) la stampa &#8230; <a title=\"Incertezze sulla strada per Omaha\" class=\"read-more\" href=\"https:\/\/www.pasteris.it\/blog\/2010\/01\/06\/incertezze-sulla-strada-per-omaha\/\" aria-label=\"Per saperne di pi\u00f9 su Incertezze sulla strada per Omaha\">Leggi tutto<\/a><\/p>\n","protected":false},"author":3,"featured_media":0,"comment_status":"open","ping_status":"open","sticky":false,"template":"","format":"standard","meta":{"footnotes":""},"categories":[30,32],"tags":[905,945,159],"class_list":["post-15724","post","type-post","status-publish","format-standard","hentry","category-media","category-pensieri","tag-editori","tag-formento","tag-giornali"],"_links":{"self":[{"href":"https:\/\/www.pasteris.it\/blog\/wp-json\/wp\/v2\/posts\/15724","targetHints":{"allow":["GET"]}}],"collection":[{"href":"https:\/\/www.pasteris.it\/blog\/wp-json\/wp\/v2\/posts"}],"about":[{"href":"https:\/\/www.pasteris.it\/blog\/wp-json\/wp\/v2\/types\/post"}],"author":[{"embeddable":true,"href":"https:\/\/www.pasteris.it\/blog\/wp-json\/wp\/v2\/users\/3"}],"replies":[{"embeddable":true,"href":"https:\/\/www.pasteris.it\/blog\/wp-json\/wp\/v2\/comments?post=15724"}],"version-history":[{"count":2,"href":"https:\/\/www.pasteris.it\/blog\/wp-json\/wp\/v2\/posts\/15724\/revisions"}],"predecessor-version":[{"id":15728,"href":"https:\/\/www.pasteris.it\/blog\/wp-json\/wp\/v2\/posts\/15724\/revisions\/15728"}],"wp:attachment":[{"href":"https:\/\/www.pasteris.it\/blog\/wp-json\/wp\/v2\/media?parent=15724"}],"wp:term":[{"taxonomy":"category","embeddable":true,"href":"https:\/\/www.pasteris.it\/blog\/wp-json\/wp\/v2\/categories?post=15724"},{"taxonomy":"post_tag","embeddable":true,"href":"https:\/\/www.pasteris.it\/blog\/wp-json\/wp\/v2\/tags?post=15724"}],"curies":[{"name":"wp","href":"https:\/\/api.w.org\/{rel}","templated":true}]}}