{"id":15778,"date":"2010-01-10T08:30:30","date_gmt":"2010-01-10T07:30:30","guid":{"rendered":"http:\/\/www.pasteris.it\/blog\/?p=15778"},"modified":"2010-01-10T08:01:05","modified_gmt":"2010-01-10T07:01:05","slug":"politici-amministratori-e-lavoratori-e-il-csi-piemonte","status":"publish","type":"post","link":"https:\/\/www.pasteris.it\/blog\/2010\/01\/10\/politici-amministratori-e-lavoratori-e-il-csi-piemonte\/","title":{"rendered":"Politici, amministratori e lavoratori e il CSI Piemonte"},"content":{"rendered":"<p>C&#8217;erano circa un centinaio di persone al <a href=\"http:\/\/www.pasteris.it\/blog\/2010\/01\/07\/csi-piemonte-quali-prospettive\/\">convegno organizzato da Rifondazione sul futuro del CSI<\/a>, per la maggior parte dipendenti dell&#8217;azienda che volevano sentire cosa aveva da dire sul tema la Presidente Bresso. Fra questi anche una buona rappresentanza di dirigenti. All&#8217;inizio del convegno Mercedes Bresso ha telefonato scusandosi perch\u00e9 non poteva essere presente per motivi personali, ma poi si \u00e8 presentata all&#8217;ora di pranzo.<\/p>\n<p>La parola \u00e8 passata subito a Renzo Rovaris, direttore dell&#8217;ente, che ha voluto rassicurare sul fatto che non era necessario l&#8217;SOS indicato nel volantino, ma che l&#8217;azienda \u00e8 in attivo, una trentina di milioni di euro <em>messi da parte<\/em>.  In tempi d&#8217;oro il CSI spendeva per le consulenze esterne tanto quanto spendeva per i dipendenti. Ora che c&#8217;\u00e8 la crisi che porta a privilegiare gli interni e quindi a causare una certa sofferenza alle aziende che prima avevano dei subappalti. Esiste invece una criticit\u00e0 finanziaria che dipende dai tempi di pagamento degli enti.<\/p>\n<p><!--more--><\/p>\n<p>Il preoccupante \u00e8 che il CdA ha concordato che entro tre anni una riduzione di 100 unit\u00e0 degli organici per riflettere la riduzione dell&#8217;attivit\u00e0 incaricata dagli enti. Sarebbe interessante capire in base a quali parametri saranno licenziate le persone.<\/p>\n<p>A seguire ha parlato una una rappresentante dell&#8217; RSU CSI, che ha sottolineato che dopo la proclamazione dello stato di agitazione sono stati ricevuti dal vicesindaco e il 27 dicembre dall&#8217;assessore Bairati, che hanno rassicurato, per quanto in loro potere, sulla volont\u00e0 di non fare del CSI uno spezzatino , ma non hanno rassicurato sul fatto che nessuno ha proposto un piano industriale.<\/p>\n<p>Luciano Gallino ha\u00a0 ripetuto in sintesi quanto scritto nell&#8217;articolo di Repubblica.<\/p>\n<p>A questo punto la parola al pubblico. Un altro rappresentate dell&#8217;RSU CSI ha chiesto che gli impegni verbali di Bairati fossero formalizzati. Un&#8217;altra voce ha elogiato  il ruolo del CSI, invitando a non cadere nella tentazione piemontese\/torinese di smantellare quello di buono che abbiamo, come accadde per l&#8217;Olivetti.<\/p>\n<p>E&#8217; stato poi chiesto a Gallino che commentasse la situazione dei precari. Gallino ha risposto che \u00e8 vero che ci sono degli interinali in CSI in condizioni difficili ed ha sostenuto che l&#8217;azienda CSI non ha mai fatto uso di tipologie contrattuali <em>troppo atipiche<\/em>.<\/p>\n<p>La parola \u00e8 passata a Valentino Castellani. Secondo l&#8217;\u00e8x sindaco di Torino il CSI \u00e8 stato creato con leggi e statuti in grado di dargli un&#8217;equlibrio di potere. Il CdA \u00e8 l&#8217;espressione della volont\u00e0 dei consorziati ed \u00e8 lui a nominare il Direttore, responsabile unico della gestione. Se non opera bene, \u00e8 il CdA che gliene deve chiedere conto e nel caso cambiarlo, ma la politica non deve entrare attivametne nelle questioni di gestione. Castellani ha fiducia che il CSI stia svolgendo la propria missione ed al contrario di altre realt\u00e0 simili \u00e8 stato ad oggi privo di scandali e vicende giudiziarie.<\/p>\n<p>La parola a Roberto Borri, del CSP, che ha ricordato il ruolo del CSI come coordinamento del sistema, ma \u00e8 stato latitante nella ricerca, e nei suoi rapporti col CSP.<\/p>\n<p>Poco dopo mezzogiorno \u00e8 arrivata Mercedes Bresso di persona. che ha assicurato\u00a0 che se vincer\u00e0 le prossime elezioni non smanteller\u00e0 il CSI, che considera il <em>cervello<\/em> del sistema informativo regionale. Gradualmente dovr\u00e0 continuare la sua trasformazione gi\u00e0 in atto, occupandosi della consulenza in materia di sistema informativo. Infatti, se le leggi nazionali in merito di federalismo saranno applicate, alla Regione passeranno le competenze in materia di istruzione e quindi ci sar\u00e0 da realizzare il sistema informativo per gestire decine di migliai di persone nel comparto . In caso di federalismo fiscale, ci sar\u00e0 da realizzarne il sistema di gestione.<\/p>\n<p>Ora i commenti della rete<\/p>\n","protected":false},"excerpt":{"rendered":"<p>C&#8217;erano circa un centinaio di persone al convegno organizzato da Rifondazione sul futuro del CSI, per la maggior parte dipendenti dell&#8217;azienda che volevano sentire cosa aveva da dire sul tema la Presidente Bresso. Fra questi anche una buona rappresentanza di dirigenti. All&#8217;inizio del convegno Mercedes Bresso ha telefonato scusandosi perch\u00e9 non poteva essere presente per &#8230; <a title=\"Politici, amministratori e lavoratori e il CSI Piemonte\" class=\"read-more\" href=\"https:\/\/www.pasteris.it\/blog\/2010\/01\/10\/politici-amministratori-e-lavoratori-e-il-csi-piemonte\/\" aria-label=\"Per saperne di pi\u00f9 su Politici, amministratori e lavoratori e il CSI Piemonte\">Leggi tutto<\/a><\/p>\n","protected":false},"author":3,"featured_media":0,"comment_status":"open","ping_status":"open","sticky":false,"template":"","format":"standard","meta":{"footnotes":""},"categories":[33,17,14],"tags":[987,515,283],"class_list":["post-15778","post","type-post","status-publish","format-standard","hentry","category-computer","category-economia","category-torino","tag-csi-piemonte","tag-ict","tag-regione-piemonte"],"_links":{"self":[{"href":"https:\/\/www.pasteris.it\/blog\/wp-json\/wp\/v2\/posts\/15778","targetHints":{"allow":["GET"]}}],"collection":[{"href":"https:\/\/www.pasteris.it\/blog\/wp-json\/wp\/v2\/posts"}],"about":[{"href":"https:\/\/www.pasteris.it\/blog\/wp-json\/wp\/v2\/types\/post"}],"author":[{"embeddable":true,"href":"https:\/\/www.pasteris.it\/blog\/wp-json\/wp\/v2\/users\/3"}],"replies":[{"embeddable":true,"href":"https:\/\/www.pasteris.it\/blog\/wp-json\/wp\/v2\/comments?post=15778"}],"version-history":[{"count":2,"href":"https:\/\/www.pasteris.it\/blog\/wp-json\/wp\/v2\/posts\/15778\/revisions"}],"predecessor-version":[{"id":15822,"href":"https:\/\/www.pasteris.it\/blog\/wp-json\/wp\/v2\/posts\/15778\/revisions\/15822"}],"wp:attachment":[{"href":"https:\/\/www.pasteris.it\/blog\/wp-json\/wp\/v2\/media?parent=15778"}],"wp:term":[{"taxonomy":"category","embeddable":true,"href":"https:\/\/www.pasteris.it\/blog\/wp-json\/wp\/v2\/categories?post=15778"},{"taxonomy":"post_tag","embeddable":true,"href":"https:\/\/www.pasteris.it\/blog\/wp-json\/wp\/v2\/tags?post=15778"}],"curies":[{"name":"wp","href":"https:\/\/api.w.org\/{rel}","templated":true}]}}