{"id":15788,"date":"2010-01-08T02:38:11","date_gmt":"2010-01-08T01:38:11","guid":{"rendered":"http:\/\/www.pasteris.it\/blog\/?p=15788"},"modified":"2010-01-08T02:38:11","modified_gmt":"2010-01-08T01:38:11","slug":"la-montagna-incartata","status":"publish","type":"post","link":"https:\/\/www.pasteris.it\/blog\/2010\/01\/08\/la-montagna-incartata\/","title":{"rendered":"La montagna incartata"},"content":{"rendered":"<p>Bruno Perini Sul manifesto <a href=\"http:\/\/www.dagospia.com\/rubrica-2\/media_e_tv\/articolo-12139\/1.htm\">via Dagospia<\/a><\/p>\n<blockquote><p>La crisi della carta stampata in Italia la si pu\u00f2 sintetizzare in una minuscola ma amarissima percentuale che rappresenta il calo delle vendite nel periodo che va dall&#8217;ottobre 2008 all&#8217;ottobre 2009: -5,2%, pari a 176.000 copie, circa la diffusione di un grande quotidiano. Se si aggiunge il tracollo della pubblicit\u00e0, la crisi verticale dei collaterali e la crescita dell&#8217;editoria online a scapito della carta stampata la diagnosi \u00e8 assai seria e la prognosi \u00e8 del tutto riservata.<\/p>\n<p>Gli effetti sono sotto gli occhi di tutti: non c&#8217;\u00e8 gruppo editoriale che non sia in stato di crisi. La strategia delle dimissioni incentivate \u00e8 parzialmente fallita ed ora i grandi editori devono ricorrere agli ammortizzatori sociali per potersi liberare di giornalisti e tecnici, nella speranza che il mercato della pubblicit\u00e0 torni a fornire ossigeno in modo permanente.<\/p>\n<p><!--more--><\/p>\n<p>In questo momento sono in corso trattative tra editori e sindacati per attutire il colpo ma dal fronte dei grandi giornali non ci sono buone notizie. I dati che abbiamo citato, (essendo fonte Fieg possono essere addolciti) naturalmente sono una media e dunque se ci si addentra nei meandri delle singole gestioni editoriali si trovano delle sorprese.<\/p>\n<p>In valore assoluto, stando ai dati diffusi da Fieg, pubblicati dal mensile Prima Comunicazione, il primato nelle perdite va al Corriere della Sera che in un solo anno ha perso 64.000 copie con una percentuale del 10,8%. In via Solferino sono passati in dodici mesi da 595.300 copie a 530.800, registrando, si dice, uno dei punti pi\u00f9 bassi delle vendite in edicola.<\/p>\n<p>Il direttore Ferruccio De Bortoli ha ereditato una situazione non piacevole che a quanto pare persiste anche nei mesi successivi a ottobre. La nuova edizione online del Corsera, con la possibilit\u00e0 di ascolto degli articoli e una ottima possibilit\u00e0 di lettura e di sfoglio, \u00e8 molto felice ma \u00e8 possibile che questo accresca i pericoli di cannibalizzazione del quotidiano su carta.<\/p>\n<p>Se il Corsera piange il Sole 24 ore non ride. Per diverse ragioni. Il quotidiano diretto da Gianni Riotta detiene, nello stesso periodo analizzato dalla Fieg, il primato in termini di percentuale negativa sulle vendite: &#8211; 17%, pari a -59.500 copie. Anche in questo caso i valori assoluti fanno impressione se \u00e8 vero che si \u00e8 passati da 335.300 copie a 275.800. Ma la ferita grave \u00e8 dovuta anche a un calo consistente degli abbonamenti, tradizionalmente punto di grande forza del quotidiano confindustriale, e a un crollo della pubblicit\u00e0. Il calo complessivo delle entrate non \u00e8 addebitabile a Riotta ma in Confindustria dicono che il nuovo direttore dovr\u00e0 essere in grado di dare un segnale di svolta se vorr\u00e0 rimanere al suo posto.<\/p>\n<p>Meno grave la crisi del quotidiano la Repubblica: siamo sempre in zona negativa con una percentuale di perdita del 3,6% pari 19.000 copie ma in redazione tirano un sospiro di sollievo. E&#8217; vero che si \u00e8 passati da 520.700 copie a 501.700 ma poteva andare peggio se il presidente del consiglio non avesse sparato cannonate sul quotidiano di Ezio Mauro. Gli attacchi forsennati di Silvio Berlusconi hanno provocato una inversione di tendenza piuttosto netta. Cifre negative anche per la Stampa e il Messaggero che hanno registrato rispettivamente perdite del 2,5% e dell&#8217;1,8%.<\/p>\n<p>In questo panorama desolante c&#8217;\u00e8 anche chi guadagna grazie all&#8217;aumento delle copie. E&#8217; il caso del Giornale che registra un primato positivo: nel periodo considerato mette a segno una crescita del 15,1% con un aumento di 27.700 copie. Il quotidiano della famiglia Berlusconi \u00e8 passato da 183.200 copie a 210.900, dicono gli analisti, grazie anche alla cura adrenalinica di Vittorio Feltri, che con le sue incursioni spettacolari e assai spericolate \u00e8 riuscito persino a mettere in ombra il suo amato Libero che registra un calo del 5,3%. Un altro caso felice si registra sul fronte opposto: l&#8217;Unit\u00e0 di Concita De Gregori mette a segno una crescita del 9,9% con un aumento di 5000 copie, passando da 50.700 a 55.700.<\/p><\/blockquote>\n","protected":false},"excerpt":{"rendered":"<p>Bruno Perini Sul manifesto via Dagospia La crisi della carta stampata in Italia la si pu\u00f2 sintetizzare in una minuscola ma amarissima percentuale che rappresenta il calo delle vendite nel periodo che va dall&#8217;ottobre 2008 all&#8217;ottobre 2009: -5,2%, pari a 176.000 copie, circa la diffusione di un grande quotidiano. Se si aggiunge il tracollo della &#8230; <a title=\"La montagna incartata\" class=\"read-more\" href=\"https:\/\/www.pasteris.it\/blog\/2010\/01\/08\/la-montagna-incartata\/\" aria-label=\"Per saperne di pi\u00f9 su La montagna incartata\">Leggi tutto<\/a><\/p>\n","protected":false},"author":3,"featured_media":0,"comment_status":"open","ping_status":"open","sticky":false,"template":"","format":"standard","meta":{"footnotes":""},"categories":[17,30],"tags":[379,159],"class_list":["post-15788","post","type-post","status-publish","format-standard","hentry","category-economia","category-media","tag-crisi","tag-giornali"],"_links":{"self":[{"href":"https:\/\/www.pasteris.it\/blog\/wp-json\/wp\/v2\/posts\/15788","targetHints":{"allow":["GET"]}}],"collection":[{"href":"https:\/\/www.pasteris.it\/blog\/wp-json\/wp\/v2\/posts"}],"about":[{"href":"https:\/\/www.pasteris.it\/blog\/wp-json\/wp\/v2\/types\/post"}],"author":[{"embeddable":true,"href":"https:\/\/www.pasteris.it\/blog\/wp-json\/wp\/v2\/users\/3"}],"replies":[{"embeddable":true,"href":"https:\/\/www.pasteris.it\/blog\/wp-json\/wp\/v2\/comments?post=15788"}],"version-history":[{"count":2,"href":"https:\/\/www.pasteris.it\/blog\/wp-json\/wp\/v2\/posts\/15788\/revisions"}],"predecessor-version":[{"id":15790,"href":"https:\/\/www.pasteris.it\/blog\/wp-json\/wp\/v2\/posts\/15788\/revisions\/15790"}],"wp:attachment":[{"href":"https:\/\/www.pasteris.it\/blog\/wp-json\/wp\/v2\/media?parent=15788"}],"wp:term":[{"taxonomy":"category","embeddable":true,"href":"https:\/\/www.pasteris.it\/blog\/wp-json\/wp\/v2\/categories?post=15788"},{"taxonomy":"post_tag","embeddable":true,"href":"https:\/\/www.pasteris.it\/blog\/wp-json\/wp\/v2\/tags?post=15788"}],"curies":[{"name":"wp","href":"https:\/\/api.w.org\/{rel}","templated":true}]}}