{"id":15885,"date":"2010-01-12T01:18:37","date_gmt":"2010-01-12T00:18:37","guid":{"rendered":"http:\/\/www.pasteris.it\/blog\/?p=15885"},"modified":"2010-11-06T04:48:34","modified_gmt":"2010-11-06T02:48:34","slug":"i-treni-rapido-di-arenaways-da-torino-a-milano","status":"publish","type":"post","link":"https:\/\/www.pasteris.it\/blog\/2010\/01\/12\/i-treni-rapido-di-arenaways-da-torino-a-milano\/","title":{"rendered":"I treni Rapido di ArenaWays da Torino a Milano"},"content":{"rendered":"<p><img loading=\"lazy\" decoding=\"async\" class=\"alignright\" title=\"anello\" src=\"http:\/\/www.arenaways.com\/imm\/percorsi.jpg\" alt=\"\" width=\"291\" height=\"196\" \/>In primavera partir\u00e0 il servizio di <a href=\"http:\/\/www.arenaways.com\/\">Arenaways<\/a> il\u00a0 nuovo operatore ferroviario che operer\u00e0 all&#8217;inizio in Piemonte con i suoi treni arancione chiamati Rapido.<\/p>\n<p>I Rapido viaggeranno nei due sensi lungo un anello che unisce Torino e Milano, servendo le\u00a0 stazioni intermedie:\u00a0 sulla tratta Nord, Vercelli e Novara;\u00a0 sulla tratta Sud, Asti, Alessandria e Pavia.\u00a0 Non sar\u00e0 pi\u00f9 necessario cambiare per andare a Torino da Pavia o da Alessandria, n\u00e9 per andare a Milano da Asti o da Vercelli.<\/p>\n<p>Prima di entrare a Milano il Rapido fermer\u00e0 a Rho Fiera, la nuova stazione collegata direttamente con la metropolitana milanese: il modo pi\u00f9 veloce ed efficiente per raggiungere qualsiasi punto di Milano, oltre al nuovo quartiere fieristico. A Torino, analogamente, Rapido fermer\u00e0 a Lingotto, oltre che a Porta Susa e Dora.<br \/>\nNel primissimo periodo di esercizio Rapido collegher\u00e0 solo una parte dell\u2019anello, da Torino, Santhi\u00e0, Vercelli, Novara, Rho Fiera, Milano e viceversa.<\/p>\n<p><img loading=\"lazy\" decoding=\"async\" class=\"alignnone\" title=\"ArenaWays\" src=\"http:\/\/www.arenaways.com\/imm\/bigpict_03.jpg\" alt=\"\" width=\"471\" height=\"140\" \/><\/p>\n","protected":false},"excerpt":{"rendered":"<p>In primavera partir\u00e0 il servizio di Arenaways il\u00a0 nuovo operatore ferroviario che operer\u00e0 all&#8217;inizio in Piemonte con i suoi treni arancione chiamati Rapido. I Rapido viaggeranno nei due sensi lungo un anello che unisce Torino e Milano, servendo le\u00a0 stazioni intermedie:\u00a0 sulla tratta Nord, Vercelli e Novara;\u00a0 sulla tratta Sud, Asti, Alessandria e Pavia.\u00a0 Non &#8230; <a title=\"I treni Rapido di ArenaWays da Torino a Milano\" class=\"read-more\" href=\"https:\/\/www.pasteris.it\/blog\/2010\/01\/12\/i-treni-rapido-di-arenaways-da-torino-a-milano\/\" aria-label=\"Per saperne di pi\u00f9 su I treni Rapido di ArenaWays da Torino a Milano\">Leggi tutto<\/a><\/p>\n","protected":false},"author":3,"featured_media":0,"comment_status":"open","ping_status":"open","sticky":false,"template":"","format":"standard","meta":{"footnotes":""},"categories":[17,15],"tags":[1466,230,2160,267,1200],"class_list":["post-15885","post","type-post","status-publish","format-standard","hentry","category-economia","category-mobile","tag-arenaways","tag-milano","tag-torino","tag-piemonte","tag-treni"],"_links":{"self":[{"href":"https:\/\/www.pasteris.it\/blog\/wp-json\/wp\/v2\/posts\/15885","targetHints":{"allow":["GET"]}}],"collection":[{"href":"https:\/\/www.pasteris.it\/blog\/wp-json\/wp\/v2\/posts"}],"about":[{"href":"https:\/\/www.pasteris.it\/blog\/wp-json\/wp\/v2\/types\/post"}],"author":[{"embeddable":true,"href":"https:\/\/www.pasteris.it\/blog\/wp-json\/wp\/v2\/users\/3"}],"replies":[{"embeddable":true,"href":"https:\/\/www.pasteris.it\/blog\/wp-json\/wp\/v2\/comments?post=15885"}],"version-history":[{"count":5,"href":"https:\/\/www.pasteris.it\/blog\/wp-json\/wp\/v2\/posts\/15885\/revisions"}],"predecessor-version":[{"id":15888,"href":"https:\/\/www.pasteris.it\/blog\/wp-json\/wp\/v2\/posts\/15885\/revisions\/15888"}],"wp:attachment":[{"href":"https:\/\/www.pasteris.it\/blog\/wp-json\/wp\/v2\/media?parent=15885"}],"wp:term":[{"taxonomy":"category","embeddable":true,"href":"https:\/\/www.pasteris.it\/blog\/wp-json\/wp\/v2\/categories?post=15885"},{"taxonomy":"post_tag","embeddable":true,"href":"https:\/\/www.pasteris.it\/blog\/wp-json\/wp\/v2\/tags?post=15885"}],"curies":[{"name":"wp","href":"https:\/\/api.w.org\/{rel}","templated":true}]}}