{"id":16023,"date":"2010-01-18T01:18:38","date_gmt":"2010-01-18T00:18:38","guid":{"rendered":"http:\/\/www.pasteris.it\/blog\/?p=16023"},"modified":"2010-03-03T09:47:43","modified_gmt":"2010-03-03T08:47:43","slug":"foodcamp-4-ad-amsterdam-il-3-marzo","status":"publish","type":"post","link":"https:\/\/www.pasteris.it\/blog\/2010\/01\/18\/foodcamp-4-ad-amsterdam-il-3-marzo\/","title":{"rendered":"FoodCamp 4: ad Amsterdam il 3 marzo"},"content":{"rendered":"<p><a href=\"http:\/\/antoniotombolini.simplicissimus.it\/2010\/01\/agrycult-foodcamp4-parco-dei-buoi-ecc.html\">Via Antonio Tombolini<\/a><\/p>\n<blockquote><p><img loading=\"lazy\" decoding=\"async\" class=\"alignnone\" title=\"FoodCamp\" src=\"http:\/\/www.pasteris.it\/blog\/wp-content\/uploads\/2008\/07\/logofoodcamp-tre.jpg\" alt=\"\" width=\"379\" height=\"64\" \/><\/p>\n<p>Il mio bravo e coraggioso amico Francesco Travaglini, non pago del suo <a href=\"http:\/\/parcodeibuoi.com\/\">Parco dei Buoi<\/a>, sta mettendo in piedi un sito di ecommerce agroalimentare Italia-Olanda, <a href=\"http:\/\/agrycult.com\/\"><strong>Agrycult.com<\/strong><\/a>. Perch\u00e9 proprio Olanda? Perch\u00e9 ha degli amici l\u00e0 che gli danno una mano, e cos\u00ec si comincia.<\/p>\n<p>Tanto per fare le cose come si deve, sta organizzando proprio coi suoi amici olandesi <a href=\"http:\/\/barcamp.pbworks.com\/FoodCamp4\"><strong>FoodCamp4<\/strong><\/a>: si terr\u00e0 presso l\u2019Istituto Italiano di Cultura di Amsterdam il 3 marzo prossimo.<\/p>\n<p><object classid=\"clsid:d27cdb6e-ae6d-11cf-96b8-444553540000\" width=\"480\" height=\"385\" codebase=\"http:\/\/download.macromedia.com\/pub\/shockwave\/cabs\/flash\/swflash.cab#version=6,0,40,0\"><param name=\"allowFullScreen\" value=\"true\" \/><param name=\"allowscriptaccess\" value=\"always\" \/><param name=\"src\" value=\"http:\/\/www.youtube.com\/v\/f_Fi_DlIhWg&amp;hl=it_IT&amp;fs=1&amp;rel=0&amp;color1=0x3a3a3a&amp;color2=0x999999\" \/><param name=\"allowfullscreen\" value=\"true\" \/><embed type=\"application\/x-shockwave-flash\" width=\"480\" height=\"385\" src=\"http:\/\/www.youtube.com\/v\/f_Fi_DlIhWg&amp;hl=it_IT&amp;fs=1&amp;rel=0&amp;color1=0x3a3a3a&amp;color2=0x999999\" allowscriptaccess=\"always\" allowfullscreen=\"true\"><\/embed><\/object><\/p><\/blockquote>\n<p>UPDATE: Il Foodcamp4 \u00e8 stato rinviato e spostato ad Utrecht il in una data da definire <a href=\"http:\/\/barcamp.pbworks.com\/FoodCamp4\">dal 4 al 6 giugno 2009<\/a><\/p>\n","protected":false},"excerpt":{"rendered":"<p>Via Antonio Tombolini Il mio bravo e coraggioso amico Francesco Travaglini, non pago del suo Parco dei Buoi, sta mettendo in piedi un sito di ecommerce agroalimentare Italia-Olanda, Agrycult.com. Perch\u00e9 proprio Olanda? Perch\u00e9 ha degli amici l\u00e0 che gli danno una mano, e cos\u00ec si comincia. Tanto per fare le cose come si deve, sta &#8230; <a title=\"FoodCamp 4: ad Amsterdam il 3 marzo\" class=\"read-more\" href=\"https:\/\/www.pasteris.it\/blog\/2010\/01\/18\/foodcamp-4-ad-amsterdam-il-3-marzo\/\" aria-label=\"Per saperne di pi\u00f9 su FoodCamp 4: ad Amsterdam il 3 marzo\">Leggi tutto<\/a><\/p>\n","protected":false},"author":3,"featured_media":0,"comment_status":"open","ping_status":"open","sticky":false,"template":"","format":"standard","meta":{"footnotes":""},"categories":[27],"tags":[63,143,144],"class_list":["post-16023","post","type-post","status-publish","format-standard","hentry","category-cibo","tag-barcamp","tag-food","tag-foodcamp"],"_links":{"self":[{"href":"https:\/\/www.pasteris.it\/blog\/wp-json\/wp\/v2\/posts\/16023","targetHints":{"allow":["GET"]}}],"collection":[{"href":"https:\/\/www.pasteris.it\/blog\/wp-json\/wp\/v2\/posts"}],"about":[{"href":"https:\/\/www.pasteris.it\/blog\/wp-json\/wp\/v2\/types\/post"}],"author":[{"embeddable":true,"href":"https:\/\/www.pasteris.it\/blog\/wp-json\/wp\/v2\/users\/3"}],"replies":[{"embeddable":true,"href":"https:\/\/www.pasteris.it\/blog\/wp-json\/wp\/v2\/comments?post=16023"}],"version-history":[{"count":4,"href":"https:\/\/www.pasteris.it\/blog\/wp-json\/wp\/v2\/posts\/16023\/revisions"}],"predecessor-version":[{"id":16025,"href":"https:\/\/www.pasteris.it\/blog\/wp-json\/wp\/v2\/posts\/16023\/revisions\/16025"}],"wp:attachment":[{"href":"https:\/\/www.pasteris.it\/blog\/wp-json\/wp\/v2\/media?parent=16023"}],"wp:term":[{"taxonomy":"category","embeddable":true,"href":"https:\/\/www.pasteris.it\/blog\/wp-json\/wp\/v2\/categories?post=16023"},{"taxonomy":"post_tag","embeddable":true,"href":"https:\/\/www.pasteris.it\/blog\/wp-json\/wp\/v2\/tags?post=16023"}],"curies":[{"name":"wp","href":"https:\/\/api.w.org\/{rel}","templated":true}]}}