{"id":16376,"date":"2010-01-29T07:31:35","date_gmt":"2010-01-29T06:31:35","guid":{"rendered":"http:\/\/www.pasteris.it\/blog\/?p=16376"},"modified":"2010-01-29T07:31:35","modified_gmt":"2010-01-29T06:31:35","slug":"i-brand","status":"publish","type":"post","link":"https:\/\/www.pasteris.it\/blog\/2010\/01\/29\/i-brand\/","title":{"rendered":"I-Brand"},"content":{"rendered":"<p><a href=\"http:\/\/zucconi.blogautore.repubblica.it\/2010\/01\/28\/iotampax\/\">Vittorio Zucconi discute del brand Ipad<\/a><\/p>\n<blockquote><p>Come, in tutta superbia modesta, avevo previsto nel mio primo commento a caldo sull\u2019 iPad lanciato da Stevie \u201cWonder\u201d Jobs, quel \u201cPad\u201d scelto per il telefonone della Apple ha suscitato le reazioni perplesse di molte donne americane, che associano il \u201cPad\u201d,  il pannolino, all\u2019igiene femminile e le tv americane ci ironizzano sopra apertamente. Da anni la Ibm, e oggi la Lenovo cinese, producono portatili chiamati \u201cThinkPad\u201d, ma quella parola \u201cThink\u201d davanti, rende l\u2019allusione involontaria assai meno sgradevole ed evidente. Tradotto in inglese femminile, \u201cIPad\u201d suona brutalmente e immediatamente come \u201cIo Pannolino\u201d. Ma possibile che nel circolo ristretto di chi ha scelto il nome alla Apple, dopo mesi di voci e di indiscrezioni e di discussioni, non ci fosse neppure una donna che potesse farlo notare? Forse c\u2019era, ma il circolo di chi decide, a Cupertino, comincia con Steve e finisce con Jobs. Poi avr\u00e0 successo lo stesso, ma per un Harry Potter del marketing come lui, questa \u00e8 una gaffe, perch\u00e8 l\u2019estetica, il fantastico design dei prodotti della Mela ha sempre avuto, nelle sorelle di Eva attratte dalla sua bellezza, un mercato importante. Comprereste, voi signore italiane, un telefonino o un computer che si chiamasse \u201cioTampax\u201d?<\/p><\/blockquote>\n","protected":false},"excerpt":{"rendered":"<p>Vittorio Zucconi discute del brand Ipad Come, in tutta superbia modesta, avevo previsto nel mio primo commento a caldo sull\u2019 iPad lanciato da Stevie \u201cWonder\u201d Jobs, quel \u201cPad\u201d scelto per il telefonone della Apple ha suscitato le reazioni perplesse di molte donne americane, che associano il \u201cPad\u201d, il pannolino, all\u2019igiene femminile e le tv americane &#8230; <a title=\"I-Brand\" class=\"read-more\" href=\"https:\/\/www.pasteris.it\/blog\/2010\/01\/29\/i-brand\/\" aria-label=\"Per saperne di pi\u00f9 su I-Brand\">Leggi tutto<\/a><\/p>\n","protected":false},"author":4,"featured_media":0,"comment_status":"open","ping_status":"open","sticky":false,"template":"","format":"standard","meta":{"footnotes":""},"categories":[33,15,32],"tags":[1236],"class_list":["post-16376","post","type-post","status-publish","format-standard","hentry","category-computer","category-mobile","category-pensieri","tag-ipad"],"_links":{"self":[{"href":"https:\/\/www.pasteris.it\/blog\/wp-json\/wp\/v2\/posts\/16376","targetHints":{"allow":["GET"]}}],"collection":[{"href":"https:\/\/www.pasteris.it\/blog\/wp-json\/wp\/v2\/posts"}],"about":[{"href":"https:\/\/www.pasteris.it\/blog\/wp-json\/wp\/v2\/types\/post"}],"author":[{"embeddable":true,"href":"https:\/\/www.pasteris.it\/blog\/wp-json\/wp\/v2\/users\/4"}],"replies":[{"embeddable":true,"href":"https:\/\/www.pasteris.it\/blog\/wp-json\/wp\/v2\/comments?post=16376"}],"version-history":[{"count":1,"href":"https:\/\/www.pasteris.it\/blog\/wp-json\/wp\/v2\/posts\/16376\/revisions"}],"predecessor-version":[{"id":16377,"href":"https:\/\/www.pasteris.it\/blog\/wp-json\/wp\/v2\/posts\/16376\/revisions\/16377"}],"wp:attachment":[{"href":"https:\/\/www.pasteris.it\/blog\/wp-json\/wp\/v2\/media?parent=16376"}],"wp:term":[{"taxonomy":"category","embeddable":true,"href":"https:\/\/www.pasteris.it\/blog\/wp-json\/wp\/v2\/categories?post=16376"},{"taxonomy":"post_tag","embeddable":true,"href":"https:\/\/www.pasteris.it\/blog\/wp-json\/wp\/v2\/tags?post=16376"}],"curies":[{"name":"wp","href":"https:\/\/api.w.org\/{rel}","templated":true}]}}