{"id":16493,"date":"2010-02-03T01:26:45","date_gmt":"2010-02-03T00:26:45","guid":{"rendered":"http:\/\/www.pasteris.it\/blog\/?p=16493"},"modified":"2010-02-03T01:29:13","modified_gmt":"2010-02-03T00:29:13","slug":"un-ipad-malinconico","status":"publish","type":"post","link":"https:\/\/www.pasteris.it\/blog\/2010\/02\/03\/un-ipad-malinconico\/","title":{"rendered":"Un Ipad Malinconico"},"content":{"rendered":"<p><a href=\"http:\/\/www.francoabruzzo.it\/document.asp?DID=5117\">Franco Abruzzo riporta una intervista al Carlo Malinconico presidente Fieg<\/a><\/p>\n<blockquote><p>Come si stanno preparando i giornali per sbarcare sull\u2019iPad?<br \/>\nL\u2019arma pi\u00f9 efficace che abbiamo \u00e8 senza dubbio la qualit\u00e0. Proprio leggendo in questi giorni, su vari quotidiani, il livello degli approfondimenti e delle inchieste sul lancio del nuovo computer di Apple, uno su tutti l\u2019intervento su l\u2019Unit\u00e0 firmato Serge Latouche, mi sono convinto che questa sfida si pu\u00f2 vincere.<br \/>\nSi vince anche lasciando le notizie gratuite sul web?<br \/>\nNo, in qualche modo, quella qualit\u00e0, quel livello di ricerca e accuratezza che si richiede ai giornali deve essere remunerato.<br \/>\nCome?<br \/>\nMagari proprio con le modalit\u00e0 dell\u2019Apple Store con cui tanti produttori di musica stanno vincendo la battaglia contro la pirateria, oppure con una tesserina prepagata a scalare che riunisca i servizi di tutti i principali siti internet di notizie.<br \/>\nLa pubblicit\u00e0 ancora non basta?<br \/>\nAncora no, per ora \u00e8 una prospettiva, interessante, ma ancora non pienamente sviluppata.<br \/>\nMa un giorno si rinuncer\u00e0 alla carta?<\/p>\n<p><!--more--><br \/>\nForse s\u00ec, ma quel giorno \u00e8 ancora lontano. Per ora un quotidiano \u00e8 ancora molto pi\u00f9 leggero dei 600 grammi dell\u2019iPad.<br \/>\nLa flessibilit\u00e0 che gli editori chiedono ai giornalisti non mette a volte a rischio la qualit\u00e0 degli articoli di cui parlavamo all\u2019inizio?<br \/>\nPenso che con il ricambio generazionale sar\u00e0 inevitabile che i giornalisti abbiano pi\u00f9 facilit\u00e0 ad esprimersi con i vari linguaggi multimediali, ma \u00e8 senz\u2019altro importante che insieme, editori e giornalisti, collaborino, al di l\u00e0 delle divisioni del momento, per far aumentare la qualit\u00e0 della stampa e far s\u00ec che l\u2019iPad non sia solo un bel giocattolo da portare in giro.<\/p><\/blockquote>\n","protected":false},"excerpt":{"rendered":"<p>Franco Abruzzo riporta una intervista al Carlo Malinconico presidente Fieg Come si stanno preparando i giornali per sbarcare sull\u2019iPad? L\u2019arma pi\u00f9 efficace che abbiamo \u00e8 senza dubbio la qualit\u00e0. Proprio leggendo in questi giorni, su vari quotidiani, il livello degli approfondimenti e delle inchieste sul lancio del nuovo computer di Apple, uno su tutti l\u2019intervento &#8230; <a title=\"Un Ipad Malinconico\" class=\"read-more\" href=\"https:\/\/www.pasteris.it\/blog\/2010\/02\/03\/un-ipad-malinconico\/\" aria-label=\"Per saperne di pi\u00f9 su Un Ipad Malinconico\">Leggi tutto<\/a><\/p>\n","protected":false},"author":3,"featured_media":0,"comment_status":"open","ping_status":"open","sticky":false,"template":"","format":"standard","meta":{"footnotes":""},"categories":[6,30],"tags":[809,159,1236],"class_list":["post-16493","post","type-post","status-publish","format-standard","hentry","category-internet","category-media","tag-fieg","tag-giornali","tag-ipad"],"_links":{"self":[{"href":"https:\/\/www.pasteris.it\/blog\/wp-json\/wp\/v2\/posts\/16493","targetHints":{"allow":["GET"]}}],"collection":[{"href":"https:\/\/www.pasteris.it\/blog\/wp-json\/wp\/v2\/posts"}],"about":[{"href":"https:\/\/www.pasteris.it\/blog\/wp-json\/wp\/v2\/types\/post"}],"author":[{"embeddable":true,"href":"https:\/\/www.pasteris.it\/blog\/wp-json\/wp\/v2\/users\/3"}],"replies":[{"embeddable":true,"href":"https:\/\/www.pasteris.it\/blog\/wp-json\/wp\/v2\/comments?post=16493"}],"version-history":[{"count":4,"href":"https:\/\/www.pasteris.it\/blog\/wp-json\/wp\/v2\/posts\/16493\/revisions"}],"predecessor-version":[{"id":16496,"href":"https:\/\/www.pasteris.it\/blog\/wp-json\/wp\/v2\/posts\/16493\/revisions\/16496"}],"wp:attachment":[{"href":"https:\/\/www.pasteris.it\/blog\/wp-json\/wp\/v2\/media?parent=16493"}],"wp:term":[{"taxonomy":"category","embeddable":true,"href":"https:\/\/www.pasteris.it\/blog\/wp-json\/wp\/v2\/categories?post=16493"},{"taxonomy":"post_tag","embeddable":true,"href":"https:\/\/www.pasteris.it\/blog\/wp-json\/wp\/v2\/tags?post=16493"}],"curies":[{"name":"wp","href":"https:\/\/api.w.org\/{rel}","templated":true}]}}