{"id":16519,"date":"2010-02-03T18:58:20","date_gmt":"2010-02-03T17:58:20","guid":{"rendered":"http:\/\/www.pasteris.it\/blog\/?p=16519"},"modified":"2010-02-03T21:02:39","modified_gmt":"2010-02-03T20:02:39","slug":"lassociazione-lavoratori-vittime-del-precariato","status":"publish","type":"post","link":"https:\/\/www.pasteris.it\/blog\/2010\/02\/03\/lassociazione-lavoratori-vittime-del-precariato\/","title":{"rendered":"l&#8217;Associazione Lavoratori Vittime del Precariato"},"content":{"rendered":"<p><a href=\"http:\/\/italiadeivalori.antoniodipietro.com\/articoli\/lavoro\/nasce_lassociazione_lavoratori.php\">Da sito Idv<\/a><\/p>\n<blockquote><p>Oggi nasce ALViP, l&#8217;Associazione Lavoratori Vittime del  Precariato. Non \u00e8 un&#8217;associazione. E&#8217; l&#8217;associazione, l&#8217;unica che per la prima volta  si preoccupa di tutelare tutte le categorie di lavoratori,  senza distinzione alcuna. Molte volte abbiamo dei problemi che sembra  siano proprie delle nostre situazioni, ma riuscendo a scambiarci le idee  ed entrando in contatto con altre realt\u00e0 possiamo scoprire che i nostri  problemi sono gli stessi di tanti altri lavoratori.<\/p>\n<p>L&#8217;associazione nasce in Lombardia, ma ha gi\u00e0 dei riferimenti in  tutte le regioni d&#8217;Italia. Ci auguriamo che la nostra  rappresentativit\u00e0 possa aumentare, perch\u00e9 il nostro scopo \u00e8 quello di  mettere luce e porre evidenza su tutte quelle realt\u00e0 che oggi sono al  limite dello sfruttamento. In Italia non esiste una  vera flessibilit\u00e0, esiste una precariet\u00e0 che \u00e8  diventata lo stile di vita di tantissime persone<\/p><\/blockquote>\n","protected":false},"excerpt":{"rendered":"<p>Da sito Idv Oggi nasce ALViP, l&#8217;Associazione Lavoratori Vittime del Precariato. Non \u00e8 un&#8217;associazione. E&#8217; l&#8217;associazione, l&#8217;unica che per la prima volta si preoccupa di tutelare tutte le categorie di lavoratori, senza distinzione alcuna. Molte volte abbiamo dei problemi che sembra siano proprie delle nostre situazioni, ma riuscendo a scambiarci le idee ed entrando in &#8230; <a title=\"l&#8217;Associazione Lavoratori Vittime del Precariato\" class=\"read-more\" href=\"https:\/\/www.pasteris.it\/blog\/2010\/02\/03\/lassociazione-lavoratori-vittime-del-precariato\/\" aria-label=\"Per saperne di pi\u00f9 su l&#8217;Associazione Lavoratori Vittime del Precariato\">Leggi tutto<\/a><\/p>\n","protected":false},"author":3,"featured_media":0,"comment_status":"open","ping_status":"open","sticky":false,"template":"","format":"standard","meta":{"footnotes":""},"categories":[11,17],"tags":[426,500],"class_list":["post-16519","post","type-post","status-publish","format-standard","hentry","category-diritti","category-economia","tag-lavoro","tag-precari"],"_links":{"self":[{"href":"https:\/\/www.pasteris.it\/blog\/wp-json\/wp\/v2\/posts\/16519","targetHints":{"allow":["GET"]}}],"collection":[{"href":"https:\/\/www.pasteris.it\/blog\/wp-json\/wp\/v2\/posts"}],"about":[{"href":"https:\/\/www.pasteris.it\/blog\/wp-json\/wp\/v2\/types\/post"}],"author":[{"embeddable":true,"href":"https:\/\/www.pasteris.it\/blog\/wp-json\/wp\/v2\/users\/3"}],"replies":[{"embeddable":true,"href":"https:\/\/www.pasteris.it\/blog\/wp-json\/wp\/v2\/comments?post=16519"}],"version-history":[{"count":1,"href":"https:\/\/www.pasteris.it\/blog\/wp-json\/wp\/v2\/posts\/16519\/revisions"}],"predecessor-version":[{"id":16520,"href":"https:\/\/www.pasteris.it\/blog\/wp-json\/wp\/v2\/posts\/16519\/revisions\/16520"}],"wp:attachment":[{"href":"https:\/\/www.pasteris.it\/blog\/wp-json\/wp\/v2\/media?parent=16519"}],"wp:term":[{"taxonomy":"category","embeddable":true,"href":"https:\/\/www.pasteris.it\/blog\/wp-json\/wp\/v2\/categories?post=16519"},{"taxonomy":"post_tag","embeddable":true,"href":"https:\/\/www.pasteris.it\/blog\/wp-json\/wp\/v2\/tags?post=16519"}],"curies":[{"name":"wp","href":"https:\/\/api.w.org\/{rel}","templated":true}]}}