{"id":1654,"date":"2007-05-18T00:18:45","date_gmt":"2007-05-17T22:18:45","guid":{"rendered":"http:\/\/www.pasteris.it\/blog\/2007\/05\/18\/per-favore-non-definitemi-giornalista\/"},"modified":"2007-05-18T05:57:06","modified_gmt":"2007-05-18T03:57:06","slug":"per-favore-non-definitemi-giornalista","status":"publish","type":"post","link":"https:\/\/www.pasteris.it\/blog\/2007\/05\/18\/per-favore-non-definitemi-giornalista\/","title":{"rendered":"Per favore non definitemi giornalista"},"content":{"rendered":"<p>Un favorino tenero tenero Pregherei di evitare di citare il bloggante in futuro e se possibile nel passato come &#8220;<a href=\"http:\/\/www.google.com\/search?q=pasteris+giornalista\">Vittorio Pasteris giornalista<\/a>&#8221; per una serie di ragioni:<\/p>\n<ul>\n<li>\u00e8 vagamente riduttivo<\/li>\n<li>l&#8217;attivit\u00e0 strettamente giornalistica occupa una parte ridotta del mio tempo<\/li>\n<li>i giornalisti in quanto casta non sono propriamente ben visti<\/li>\n<\/ul>\n<p>Basta Vittorio Pasteris &#8230; perch\u00e8 affibbiare per forza una definizione ? Cos\u00ec \u00e8 se vi pare<\/p>\n","protected":false},"excerpt":{"rendered":"<p>Un favorino tenero tenero Pregherei di evitare di citare il bloggante in futuro e se possibile nel passato come &#8220;Vittorio Pasteris giornalista&#8221; per una serie di ragioni: \u00e8 vagamente riduttivo l&#8217;attivit\u00e0 strettamente giornalistica occupa una parte ridotta del mio tempo i giornalisti in quanto casta non sono propriamente ben visti Basta Vittorio Pasteris &#8230; perch\u00e8 &#8230; <a title=\"Per favore non definitemi giornalista\" class=\"read-more\" href=\"https:\/\/www.pasteris.it\/blog\/2007\/05\/18\/per-favore-non-definitemi-giornalista\/\" aria-label=\"Per saperne di pi\u00f9 su Per favore non definitemi giornalista\">Leggi tutto<\/a><\/p>\n","protected":false},"author":4,"featured_media":0,"comment_status":"open","ping_status":"open","sticky":false,"template":"","format":"standard","meta":{"footnotes":""},"categories":[],"tags":[415,2157,518,453,159,161,162,561,26],"class_list":["post-1654","post","type-post","status-publish","format-standard","hentry","tag-arte","tag-blog","tag-casta","tag-futuro","tag-giornali","tag-giornalisti","tag-google","tag-tempo","tag-vittorio"],"_links":{"self":[{"href":"https:\/\/www.pasteris.it\/blog\/wp-json\/wp\/v2\/posts\/1654","targetHints":{"allow":["GET"]}}],"collection":[{"href":"https:\/\/www.pasteris.it\/blog\/wp-json\/wp\/v2\/posts"}],"about":[{"href":"https:\/\/www.pasteris.it\/blog\/wp-json\/wp\/v2\/types\/post"}],"author":[{"embeddable":true,"href":"https:\/\/www.pasteris.it\/blog\/wp-json\/wp\/v2\/users\/4"}],"replies":[{"embeddable":true,"href":"https:\/\/www.pasteris.it\/blog\/wp-json\/wp\/v2\/comments?post=1654"}],"version-history":[{"count":0,"href":"https:\/\/www.pasteris.it\/blog\/wp-json\/wp\/v2\/posts\/1654\/revisions"}],"wp:attachment":[{"href":"https:\/\/www.pasteris.it\/blog\/wp-json\/wp\/v2\/media?parent=1654"}],"wp:term":[{"taxonomy":"category","embeddable":true,"href":"https:\/\/www.pasteris.it\/blog\/wp-json\/wp\/v2\/categories?post=1654"},{"taxonomy":"post_tag","embeddable":true,"href":"https:\/\/www.pasteris.it\/blog\/wp-json\/wp\/v2\/tags?post=1654"}],"curies":[{"name":"wp","href":"https:\/\/api.w.org\/{rel}","templated":true}]}}