{"id":16775,"date":"2010-02-11T00:22:43","date_gmt":"2010-02-10T23:22:43","guid":{"rendered":"http:\/\/www.pasteris.it\/blog\/?p=16775"},"modified":"2010-02-11T09:36:56","modified_gmt":"2010-02-11T08:36:56","slug":"stefano-de-capitani-nuovo-direttore-csi-piemonte","status":"publish","type":"post","link":"https:\/\/www.pasteris.it\/blog\/2010\/02\/11\/stefano-de-capitani-nuovo-direttore-csi-piemonte\/","title":{"rendered":"Stefano De Capitani nuovo direttore Csi Piemonte"},"content":{"rendered":"<p><a href=\"http:\/\/www.lospiffero.com\/index.php?option=com_content&amp;view=article&amp;id=200:de-capitani-nuovo-direttore-di-csi-piemonte&amp;catid=3:prima-pagina&amp;Itemid=7\">Via Lo Spiffero<\/a>, la notizia \u00e8 <a href=\"http:\/\/www.cwi.it\/notizia\/19903\/2010-02-10\/Stefano-De-Capitani-nominato-nuovo-direttore-generale-del-CSI-Piemonte.html\">confermata da Computerworld<\/a><\/p>\n<blockquote><p>Manca il crisma dell\u2019ufficialit\u00e0, ovvero la firma del contratto, ma \u00e8  certo che l\u2019estenuante e per molti versi stucchevole diatriba sulla  nomina del direttore generale del Csi \u00e8 giunta alla conclusione. Sar\u00e0 Stefano De Capitani, 41  anni, ex amministratore delegato di Insiel, societ\u00e0 di informatica  della Regione Friuli Venezia Giulia, il successore di Renzo Rovaris, il padre padrone del Csi, che lascia dopo  trentatr\u00e9 anni ininterrotti passati al vertice del Consorzio  informatico.<\/p><\/blockquote>\n","protected":false},"excerpt":{"rendered":"<p>Via Lo Spiffero, la notizia \u00e8 confermata da Computerworld Manca il crisma dell\u2019ufficialit\u00e0, ovvero la firma del contratto, ma \u00e8 certo che l\u2019estenuante e per molti versi stucchevole diatriba sulla nomina del direttore generale del Csi \u00e8 giunta alla conclusione. Sar\u00e0 Stefano De Capitani, 41 anni, ex amministratore delegato di Insiel, societ\u00e0 di informatica della &#8230; <a title=\"Stefano De Capitani nuovo direttore Csi Piemonte\" class=\"read-more\" href=\"https:\/\/www.pasteris.it\/blog\/2010\/02\/11\/stefano-de-capitani-nuovo-direttore-csi-piemonte\/\" aria-label=\"Per saperne di pi\u00f9 su Stefano De Capitani nuovo direttore Csi Piemonte\">Leggi tutto<\/a><\/p>\n","protected":false},"author":3,"featured_media":0,"comment_status":"open","ping_status":"open","sticky":false,"template":"","format":"standard","meta":{"footnotes":""},"categories":[424],"tags":[987,490,2160],"class_list":["post-16775","post","type-post","status-publish","format-standard","hentry","category-personale","tag-csi-piemonte","tag-informatica","tag-torino"],"_links":{"self":[{"href":"https:\/\/www.pasteris.it\/blog\/wp-json\/wp\/v2\/posts\/16775","targetHints":{"allow":["GET"]}}],"collection":[{"href":"https:\/\/www.pasteris.it\/blog\/wp-json\/wp\/v2\/posts"}],"about":[{"href":"https:\/\/www.pasteris.it\/blog\/wp-json\/wp\/v2\/types\/post"}],"author":[{"embeddable":true,"href":"https:\/\/www.pasteris.it\/blog\/wp-json\/wp\/v2\/users\/3"}],"replies":[{"embeddable":true,"href":"https:\/\/www.pasteris.it\/blog\/wp-json\/wp\/v2\/comments?post=16775"}],"version-history":[{"count":5,"href":"https:\/\/www.pasteris.it\/blog\/wp-json\/wp\/v2\/posts\/16775\/revisions"}],"predecessor-version":[{"id":16778,"href":"https:\/\/www.pasteris.it\/blog\/wp-json\/wp\/v2\/posts\/16775\/revisions\/16778"}],"wp:attachment":[{"href":"https:\/\/www.pasteris.it\/blog\/wp-json\/wp\/v2\/media?parent=16775"}],"wp:term":[{"taxonomy":"category","embeddable":true,"href":"https:\/\/www.pasteris.it\/blog\/wp-json\/wp\/v2\/categories?post=16775"},{"taxonomy":"post_tag","embeddable":true,"href":"https:\/\/www.pasteris.it\/blog\/wp-json\/wp\/v2\/tags?post=16775"}],"curies":[{"name":"wp","href":"https:\/\/api.w.org\/{rel}","templated":true}]}}