{"id":16853,"date":"2010-02-13T11:19:49","date_gmt":"2010-02-13T10:19:49","guid":{"rendered":"http:\/\/www.pasteris.it\/blog\/?p=16853"},"modified":"2010-02-13T11:19:49","modified_gmt":"2010-02-13T10:19:49","slug":"eolo-atterra-sulla-collina-di-villareggia","status":"publish","type":"post","link":"https:\/\/www.pasteris.it\/blog\/2010\/02\/13\/eolo-atterra-sulla-collina-di-villareggia\/","title":{"rendered":"Eolo atterra sulla collina di Villareggia"},"content":{"rendered":"<p><img loading=\"lazy\" decoding=\"async\" class=\"alignright\" title=\"eolo\" src=\"http:\/\/www.dianisi.org\/content\/files\/images\/eolo_col.jpg\" alt=\"\" width=\"259\" height=\"213\" \/>Questo blog ha condotto da oramai anni una battaglia civile per far uscire il comune di <a href=\"http:\/\/www.pasteris.it\/blog\/tag\/villareggia\/\">Villareggia<\/a> da una non comune e scandalosa condizione di digital divide.<\/p>\n<p>Finalmente una buona notizia: a giorni verr\u00e0 installata sulla collina del paese una antenna che porter\u00e0 a Villareggia la connessione di <a href=\"http:\/\/www.ngi.it\/eolo\/\">Eolo<\/a>, uno dei pi\u00f9 seri provider wireless italiani.<\/p>\n<p>Se non ci credete date un&#8217;occhiata alla mappa delle BTS di Eolo. Attendiamo a breve l&#8217;annuncio <a href=\"http:\/\/twitter.com\/eolonews\">via Twitter<\/a>.<\/p>\n<p>Qualche approfondimento sull&#8217;argomento<\/p>\n<ul>\n<li><a href=\"http:\/\/www.pasteris.it\/blog\/2009\/04\/01\/combattere-per-una-villareggia-a-banda-larga\/\">Combattere per una Villareggia a banda larga<\/a><\/li>\n<li><a href=\"http:\/\/www.pasteris.it\/blog\/2009\/04\/02\/fare-casino-evidentemente-serve\/\">Fare casino evidentemente serve<\/a><\/li>\n<li><a href=\"http:\/\/www.pasteris.it\/blog\/2009\/04\/04\/villareggia-a-banda-larga-la-cartina-parla\/\">Villareggia a banda larga: la cartina parla<\/a><\/li>\n<li><a href=\"http:\/\/www.pasteris.it\/blog\/2009\/04\/27\/le-risposte-alla-lettera-aperta-sulla-banda-larga-a-villareggia\/\">Le risposte alla lettera aperta sulla banda larga a Villareggia<\/a><\/li>\n<\/ul>\n","protected":false},"excerpt":{"rendered":"<p>Questo blog ha condotto da oramai anni una battaglia civile per far uscire il comune di Villareggia da una non comune e scandalosa condizione di digital divide. Finalmente una buona notizia: a giorni verr\u00e0 installata sulla collina del paese una antenna che porter\u00e0 a Villareggia la connessione di Eolo, uno dei pi\u00f9 seri provider wireless &#8230; <a title=\"Eolo atterra sulla collina di Villareggia\" class=\"read-more\" href=\"https:\/\/www.pasteris.it\/blog\/2010\/02\/13\/eolo-atterra-sulla-collina-di-villareggia\/\" aria-label=\"Per saperne di pi\u00f9 su Eolo atterra sulla collina di Villareggia\">Leggi tutto<\/a><\/p>\n","protected":false},"author":3,"featured_media":0,"comment_status":"open","ping_status":"open","sticky":false,"template":"","format":"standard","meta":{"footnotes":""},"categories":[6,424],"tags":[62,115,1260,357],"class_list":["post-16853","post","type-post","status-publish","format-standard","hentry","category-internet","category-personale","tag-banda-larga","tag-digital-divide","tag-eolo","tag-villareggia"],"_links":{"self":[{"href":"https:\/\/www.pasteris.it\/blog\/wp-json\/wp\/v2\/posts\/16853","targetHints":{"allow":["GET"]}}],"collection":[{"href":"https:\/\/www.pasteris.it\/blog\/wp-json\/wp\/v2\/posts"}],"about":[{"href":"https:\/\/www.pasteris.it\/blog\/wp-json\/wp\/v2\/types\/post"}],"author":[{"embeddable":true,"href":"https:\/\/www.pasteris.it\/blog\/wp-json\/wp\/v2\/users\/3"}],"replies":[{"embeddable":true,"href":"https:\/\/www.pasteris.it\/blog\/wp-json\/wp\/v2\/comments?post=16853"}],"version-history":[{"count":2,"href":"https:\/\/www.pasteris.it\/blog\/wp-json\/wp\/v2\/posts\/16853\/revisions"}],"predecessor-version":[{"id":16855,"href":"https:\/\/www.pasteris.it\/blog\/wp-json\/wp\/v2\/posts\/16853\/revisions\/16855"}],"wp:attachment":[{"href":"https:\/\/www.pasteris.it\/blog\/wp-json\/wp\/v2\/media?parent=16853"}],"wp:term":[{"taxonomy":"category","embeddable":true,"href":"https:\/\/www.pasteris.it\/blog\/wp-json\/wp\/v2\/categories?post=16853"},{"taxonomy":"post_tag","embeddable":true,"href":"https:\/\/www.pasteris.it\/blog\/wp-json\/wp\/v2\/tags?post=16853"}],"curies":[{"name":"wp","href":"https:\/\/api.w.org\/{rel}","templated":true}]}}