{"id":16988,"date":"2010-02-17T13:13:53","date_gmt":"2010-02-17T12:13:53","guid":{"rendered":"http:\/\/www.pasteris.it\/blog\/?p=16988"},"modified":"2010-02-17T13:16:37","modified_gmt":"2010-02-17T12:16:37","slug":"facebook-e-le-immagini-di-nudo-e-altri-contenuti-sessualmente-espliciti","status":"publish","type":"post","link":"https:\/\/www.pasteris.it\/blog\/2010\/02\/17\/facebook-e-le-immagini-di-nudo-e-altri-contenuti-sessualmente-espliciti\/","title":{"rendered":"Facebook e le immagini di nudo e altri contenuti sessualmente espliciti"},"content":{"rendered":"<p>Tutta da leggere <a href=\"http:\/\/studiofotograficotorinomyblog.wordpress.com\/2010\/02\/17\/account-facebook-disabilitato\/\">l&#8217;avventura di Enrico Scarsi con Facebook<\/a><\/p>\n<blockquote><p>\u201cFacebook ti aiuta a connetterti e rimanere in contatto con le  persone della tua vita\u201d Invece ti svegli un bel giorno e scopri che il tuo account di  Facebook \u00a0non \u00e8 pi\u00f9 attivo, i compagni del liceo che avevi rintracciato,  le foto del compleanno della tua migliore amica, quel bellissimo video  trovato in rete, tutti i tuoi messaggi, tutto sparito !!!<\/p>\n<p>Oppure come nel mio caso, che lo utilizzavo per \u201c esporre \u201c il mio  lavoro \u2026 centinaia di fotografie e pi\u00f9 di 4300 \u201c amici\u201d scomparsi nel  nulla ..pi\u00f9 di un anno di \u201c lavoro \u201c cancellato in un clik. Cosa \u00e8 accaduto ?? Cosa fare ??? cerchi di capire e trovi la  risposta, l\u2019indirizzo di posta elettronica \u00a0<a href=\"mailto:disabled@facebook.com\">disabled@facebook.com<\/a><\/p>\n<p>Bene ti dici, sar\u00e0 un errore, un fraintendimento \u2026 scriviamo una mail  e sicuramente il problema sar\u00e0 risolto velocementi. Intanto ti arrovelli il cervello, quale delle sacre regole di  Facebook avr\u00f2 mai violato ?? avr\u00f2 chiesto troppe amicizie ?? ma quante  sono troppe ?? mandato troppi messaggi ?? una delle mie fotografie sar\u00e0  stata ritenuta indecente ??<\/p>\n<p><!--more--><\/p>\n<p>Fai una ricerca in rete e scopri oltretutto di essere in ottima  compagnia, decine e decine di blog dove persone con lo stesso problema  ..centinaia, migliaia di persone che si sono trovate ad essere  disabilitate senza saperne la ragione. Bene anzi MALE questo \u00e8 quello che \u00e8 successo anche a me<\/p>\n<p>Enrico Scarsi, Fotografo che utilizzavo appunto Facebook per esporre  le fotografie che realizzo per lavoro con il mio ex profilo  \u00a0\u00a0facebook.com\/enrico.scarsi.fotografia ora si tratta di fotografie  prevalentemente di persone, di modelle, modelli \u00a0o di aspiranti tali, la  fotografia pi\u00f9 audace era quella di un servizio di body painting\u00a0 dove  sulle modelle era dipinto un corsetto, questa \u00e8 la risposta che mi \u00e8  arrivata via mail :<\/p>\n<p>\u201d Ciao Enrico, Dopo aver analizzato la tua situazione, abbiamo concluso che hai  violato la nostra Dichiarazione dei diritti e delle responsabilit\u00e0. Le  immagini di nudo e altri contenuti sessualmente espliciti non sono  consentiti sul sito. Inoltre, non \u00e8 consentito agli utenti inviare  messaggi con allusioni ad attivit\u00e0 sessuali o che potrebbero essere  considerati molesti da parte di altri utenti. Non riattiveremo il tuo  account per alcun motivo. Questa \u00e8 la nostra decisione finale. Grazie per la comprensione, Ambra User Operations Facebook<\/p>\n<p>SESSUALMENTE ESPLICITI ???<br \/>\nALLUSIONI AD ATTIVITA SESSUALI ??<\/p>\n<p>Ora le fotografie che scatto sono visibili sul mio sito, in  particolare quelle \u201c incriminate \u201c alla pagina <a href=\"http:\/\/www.fotografico.it\/modelle.htm\">http:\/\/www.fotografico.it\/modelle.htm<\/a> e come esempio quelle pubblicate in questo intervento<\/p>\n<p>Giudicate voi \u2026 Viene da chiedersi se si tratta di Facebook o di Talebanbook magari  tra poco cancelleranno tutti gli account dei maschi che non hanno la  barba e delle donne che non indossano il Burka Questa comunque , essendo noi tutti \u201c ospiti \u201c del sistema \u00e8 una loro  scelta, la domanda che dovremmo solo porci \u00e8 Vale la pena perdere del tempo per \u201c coltivare\u201d delle amicizie  virtuali e non virtuali ?? pubblicare le nostre immagini ?? pagare la  pubblicit\u00e0 per nostra attivit\u00e0 ??\u00a0 che poi, forse capita solo a me  essendo a quanto pare un riconosciuto pornografo\u00a0 <img decoding=\"async\" src=\"http:\/\/s.wordpress.com\/wp-includes\/images\/smilies\/icon_smile.gif\" alt=\":)\" \/> Ma nelle pubblicit\u00e0 sul lato destro dello schermo mi appaiono spesso  inserzioni di negozi di intimo audace o siti per conoscere procaci  single, cartomanti, siti per il gioco d\u2019azzardo on line, evidentemente  basta pagare Ma dicevo vale la pena perdere del tempo quando poi una \u201c Ambra \u201c  qualsiasi pu\u00f2 decidere che siamo brutti e cattivi e cancellare il nostro  account\u00a0 e di NON RIATTIVARLO PER ALCUN MOTIVO ???<\/p>\n<p>Forse dovrebbero ricordarsi che il successo di un mezzo come Facebook  \u00e8 determinato dagli utenti, loro sono i padroni della piattaforma ma i  contenuti li mettiamo noi, forse dovrebbero ricordarsi della fine che ha  fatto secondlife e di quello che sta succedendo a myspace milioni di  utenti persi in pochi mesi.<\/p><\/blockquote>\n","protected":false},"excerpt":{"rendered":"<p>Tutta da leggere l&#8217;avventura di Enrico Scarsi con Facebook \u201cFacebook ti aiuta a connetterti e rimanere in contatto con le persone della tua vita\u201d Invece ti svegli un bel giorno e scopri che il tuo account di Facebook \u00a0non \u00e8 pi\u00f9 attivo, i compagni del liceo che avevi rintracciato, le foto del compleanno della tua &#8230; <a title=\"Facebook e le immagini di nudo e altri contenuti sessualmente espliciti\" class=\"read-more\" href=\"https:\/\/www.pasteris.it\/blog\/2010\/02\/17\/facebook-e-le-immagini-di-nudo-e-altri-contenuti-sessualmente-espliciti\/\" aria-label=\"Per saperne di pi\u00f9 su Facebook e le immagini di nudo e altri contenuti sessualmente espliciti\">Leggi tutto<\/a><\/p>\n","protected":false},"author":3,"featured_media":0,"comment_status":"open","ping_status":"open","sticky":false,"template":"","format":"standard","meta":{"footnotes":""},"categories":[11,6],"tags":[93,129],"class_list":["post-16988","post","type-post","status-publish","format-standard","hentry","category-diritti","category-internet","tag-censura","tag-facebook"],"_links":{"self":[{"href":"https:\/\/www.pasteris.it\/blog\/wp-json\/wp\/v2\/posts\/16988","targetHints":{"allow":["GET"]}}],"collection":[{"href":"https:\/\/www.pasteris.it\/blog\/wp-json\/wp\/v2\/posts"}],"about":[{"href":"https:\/\/www.pasteris.it\/blog\/wp-json\/wp\/v2\/types\/post"}],"author":[{"embeddable":true,"href":"https:\/\/www.pasteris.it\/blog\/wp-json\/wp\/v2\/users\/3"}],"replies":[{"embeddable":true,"href":"https:\/\/www.pasteris.it\/blog\/wp-json\/wp\/v2\/comments?post=16988"}],"version-history":[{"count":3,"href":"https:\/\/www.pasteris.it\/blog\/wp-json\/wp\/v2\/posts\/16988\/revisions"}],"predecessor-version":[{"id":16990,"href":"https:\/\/www.pasteris.it\/blog\/wp-json\/wp\/v2\/posts\/16988\/revisions\/16990"}],"wp:attachment":[{"href":"https:\/\/www.pasteris.it\/blog\/wp-json\/wp\/v2\/media?parent=16988"}],"wp:term":[{"taxonomy":"category","embeddable":true,"href":"https:\/\/www.pasteris.it\/blog\/wp-json\/wp\/v2\/categories?post=16988"},{"taxonomy":"post_tag","embeddable":true,"href":"https:\/\/www.pasteris.it\/blog\/wp-json\/wp\/v2\/tags?post=16988"}],"curies":[{"name":"wp","href":"https:\/\/api.w.org\/{rel}","templated":true}]}}