{"id":17156,"date":"2010-02-26T10:47:15","date_gmt":"2010-02-26T09:47:15","guid":{"rendered":"http:\/\/www.pasteris.it\/blog\/?p=17156"},"modified":"2010-02-26T10:47:15","modified_gmt":"2010-02-26T09:47:15","slug":"cairo-mette-in-vendita-il-toro-e-fa-professione-di-modestia","status":"publish","type":"post","link":"https:\/\/www.pasteris.it\/blog\/2010\/02\/26\/cairo-mette-in-vendita-il-toro-e-fa-professione-di-modestia\/","title":{"rendered":"Cairo mette in vendita il Toro e fa professione di modestia"},"content":{"rendered":"<p><a href=\"http:\/\/www.lastampa.it\/sport\/cmsSezioni\/quitoro\/201002articoli\/25490girata.asp\">Dall&#8217;intervista a Gramellini di Urbano Cairo<\/a><\/p>\n<blockquote><p>\u00abChi vuole comprare deve avere qualcosa pi\u00f9 di me in tutti i campi: pi\u00f9  ricco, pi\u00f9 capace, pi\u00f9 organizzato e pi\u00f9 tifoso, anche se esserlo troppo  pu\u00f2 diventare un problema\u2026 Meglio se piemontese, e se \u00e8 torinese meglio  ancora, visto che mi \u00e8 stato rinfacciato di aver tolto torinesit\u00e0 al  Toro\u00bb.<\/p><\/blockquote>\n","protected":false},"excerpt":{"rendered":"<p>Dall&#8217;intervista a Gramellini di Urbano Cairo \u00abChi vuole comprare deve avere qualcosa pi\u00f9 di me in tutti i campi: pi\u00f9 ricco, pi\u00f9 capace, pi\u00f9 organizzato e pi\u00f9 tifoso, anche se esserlo troppo pu\u00f2 diventare un problema\u2026 Meglio se piemontese, e se \u00e8 torinese meglio ancora, visto che mi \u00e8 stato rinfacciato di aver tolto torinesit\u00e0 &#8230; <a title=\"Cairo mette in vendita il Toro e fa professione di modestia\" class=\"read-more\" href=\"https:\/\/www.pasteris.it\/blog\/2010\/02\/26\/cairo-mette-in-vendita-il-toro-e-fa-professione-di-modestia\/\" aria-label=\"Per saperne di pi\u00f9 su Cairo mette in vendita il Toro e fa professione di modestia\">Leggi tutto<\/a><\/p>\n","protected":false},"author":3,"featured_media":0,"comment_status":"open","ping_status":"open","sticky":false,"template":"","format":"standard","meta":{"footnotes":""},"categories":[14,9],"tags":[90,2160,341],"class_list":["post-17156","post","type-post","status-publish","format-standard","hentry","category-torino","category-sport","tag-calcio","tag-torino","tag-toro"],"_links":{"self":[{"href":"https:\/\/www.pasteris.it\/blog\/wp-json\/wp\/v2\/posts\/17156","targetHints":{"allow":["GET"]}}],"collection":[{"href":"https:\/\/www.pasteris.it\/blog\/wp-json\/wp\/v2\/posts"}],"about":[{"href":"https:\/\/www.pasteris.it\/blog\/wp-json\/wp\/v2\/types\/post"}],"author":[{"embeddable":true,"href":"https:\/\/www.pasteris.it\/blog\/wp-json\/wp\/v2\/users\/3"}],"replies":[{"embeddable":true,"href":"https:\/\/www.pasteris.it\/blog\/wp-json\/wp\/v2\/comments?post=17156"}],"version-history":[{"count":2,"href":"https:\/\/www.pasteris.it\/blog\/wp-json\/wp\/v2\/posts\/17156\/revisions"}],"predecessor-version":[{"id":17158,"href":"https:\/\/www.pasteris.it\/blog\/wp-json\/wp\/v2\/posts\/17156\/revisions\/17158"}],"wp:attachment":[{"href":"https:\/\/www.pasteris.it\/blog\/wp-json\/wp\/v2\/media?parent=17156"}],"wp:term":[{"taxonomy":"category","embeddable":true,"href":"https:\/\/www.pasteris.it\/blog\/wp-json\/wp\/v2\/categories?post=17156"},{"taxonomy":"post_tag","embeddable":true,"href":"https:\/\/www.pasteris.it\/blog\/wp-json\/wp\/v2\/tags?post=17156"}],"curies":[{"name":"wp","href":"https:\/\/api.w.org\/{rel}","templated":true}]}}