{"id":17210,"date":"2010-02-28T23:48:08","date_gmt":"2010-02-28T22:48:08","guid":{"rendered":"http:\/\/www.pasteris.it\/blog\/?p=17210"},"modified":"2010-02-28T23:53:24","modified_gmt":"2010-02-28T22:53:24","slug":"il-toro-messo-in-vendita-dal-berluschino","status":"publish","type":"post","link":"https:\/\/www.pasteris.it\/blog\/2010\/02\/28\/il-toro-messo-in-vendita-dal-berluschino\/","title":{"rendered":"Il Toro messo in vendita dal Berluschino"},"content":{"rendered":"<p><a href=\"http:\/\/archiviostorico.corriere.it\/2010\/febbraio\/27\/Cairo_Toro_Montecristo_co_9_100227014.shtml\">Aldo Grasso sul Corriere<\/a><\/p>\n<blockquote><p>Urbano Cairo ha deciso di mettere in vendita il    Torino dopo un  sondaggio commissionato per scandagliare gli umori dei tifosi. Che io  sappia, non era mai successo nella storia del calcio. Un presidente, se  ha le antenne, gli umori li sonda non facendo intervistare 300  girandoloni, ma capendo come il tifoso soffre, partecipa, aiuta la  squadra.     Cosa vuol dire che il 55,3% (poco pi\u00f9 di 150 persone) si \u00e8  schierato contro la cessione del club? \u00c8 significativo sapere che il  35,7% attribuisce ai giocatori la responsabilit\u00e0 della situazione?  Sondaggi? C&#8217; \u00e8 qualcun altro in Italia che agisce in base ai sondaggi. E  infatti l&#8217; istituto cui \u00e8 stata commissionata la ricerca \u00e8 Euromedia  Research di Alessandra Ghisleri, la sondaggista del Premier, la donna  che nell&#8217; entourage del Cavaliere ha preso il posto di Luigi Crespi.<\/p>\n<p><!--more-->Ancora una volta, il vero punto di riferimento di Cairo \u00e8 Silvio  Berlusconi, fin da quando, nel 1981, laureato alla Bocconi, ne divenne  assistente personale. Cairo ha imparato dalla politica come si governa  la massa? \u00c8 uno sprovveduto che si aggrappa ai sondaggi perch\u00e9 non sa  come uscire dalla situazione? O un furbone che sta meditando qualche  colpaccio? Nell&#8217; ambiente, lo chiamano il Berluschino sia perch\u00e9 ha  fatto del Premier il suo faro sia perch\u00e9, in statura, \u00e8 qualche  centimetro pi\u00f9 basso. E certe lezioni le ha imparate bene.<\/p>\n<p>Un&#8217;  aneddotica mai smentita racconta che un giorno del 1982 Cairo va a  trovare Edilio Rusconi nei suoi uffici di via Vitruvio, a Milano. La  Fininvest, con Canale 5, sta vendendo gli spot a prezzi stracciati e  Rusconi, proprietario di Italia 1, non riesce pi\u00f9 a sostenere la corsa  al ribasso. Urbano ed Edilio discutono fino a sera e trovano un accordo.  Rusconi, tranquillizzato, va a godersi il meritato riposo. Cairo invece  convoca tutti i venditori di Publitalia per sguinzagliarli in una  svendita di spot ai prezzi stracciati. \u00c8 un weekend di fuoco, ma alla  fine l&#8217; intera stagione di Canale 5 viene piazzata. Quando Rusconi torna  in ufficio, il luned\u00ec, capisce che Italia 1 sta per cambiare  proprietario.<\/p><\/blockquote>\n","protected":false},"excerpt":{"rendered":"<p>Aldo Grasso sul Corriere Urbano Cairo ha deciso di mettere in vendita il Torino dopo un sondaggio commissionato per scandagliare gli umori dei tifosi. Che io sappia, non era mai successo nella storia del calcio. Un presidente, se ha le antenne, gli umori li sonda non facendo intervistare 300 girandoloni, ma capendo come il tifoso &#8230; <a title=\"Il Toro messo in vendita dal Berluschino\" class=\"read-more\" href=\"https:\/\/www.pasteris.it\/blog\/2010\/02\/28\/il-toro-messo-in-vendita-dal-berluschino\/\" aria-label=\"Per saperne di pi\u00f9 su Il Toro messo in vendita dal Berluschino\">Leggi tutto<\/a><\/p>\n","protected":false},"author":3,"featured_media":0,"comment_status":"open","ping_status":"open","sticky":false,"template":"","format":"standard","meta":{"footnotes":""},"categories":[14,9],"tags":[341],"class_list":["post-17210","post","type-post","status-publish","format-standard","hentry","category-torino","category-sport","tag-toro"],"_links":{"self":[{"href":"https:\/\/www.pasteris.it\/blog\/wp-json\/wp\/v2\/posts\/17210","targetHints":{"allow":["GET"]}}],"collection":[{"href":"https:\/\/www.pasteris.it\/blog\/wp-json\/wp\/v2\/posts"}],"about":[{"href":"https:\/\/www.pasteris.it\/blog\/wp-json\/wp\/v2\/types\/post"}],"author":[{"embeddable":true,"href":"https:\/\/www.pasteris.it\/blog\/wp-json\/wp\/v2\/users\/3"}],"replies":[{"embeddable":true,"href":"https:\/\/www.pasteris.it\/blog\/wp-json\/wp\/v2\/comments?post=17210"}],"version-history":[{"count":3,"href":"https:\/\/www.pasteris.it\/blog\/wp-json\/wp\/v2\/posts\/17210\/revisions"}],"predecessor-version":[{"id":17212,"href":"https:\/\/www.pasteris.it\/blog\/wp-json\/wp\/v2\/posts\/17210\/revisions\/17212"}],"wp:attachment":[{"href":"https:\/\/www.pasteris.it\/blog\/wp-json\/wp\/v2\/media?parent=17210"}],"wp:term":[{"taxonomy":"category","embeddable":true,"href":"https:\/\/www.pasteris.it\/blog\/wp-json\/wp\/v2\/categories?post=17210"},{"taxonomy":"post_tag","embeddable":true,"href":"https:\/\/www.pasteris.it\/blog\/wp-json\/wp\/v2\/tags?post=17210"}],"curies":[{"name":"wp","href":"https:\/\/api.w.org\/{rel}","templated":true}]}}