{"id":17241,"date":"2010-03-01T18:32:46","date_gmt":"2010-03-01T17:32:46","guid":{"rendered":"http:\/\/www.pasteris.it\/blog\/?p=17241"},"modified":"2010-03-01T23:37:39","modified_gmt":"2010-03-01T22:37:39","slug":"giornalisti-finalmente-qualcuno-parla-di-mobbing","status":"publish","type":"post","link":"https:\/\/www.pasteris.it\/blog\/2010\/03\/01\/giornalisti-finalmente-qualcuno-parla-di-mobbing\/","title":{"rendered":"Giornalisti: finalmente qualcuno parla di mobbing"},"content":{"rendered":"<p>Il presidente e il vice-presidente dell\u2019<a href=\"http:\/\/www.alg.it\">Associazione Lombarda dei Giornalisti<\/a>, Giovanni Negri e Paolo Chiarelli, grazie al sostegno di Costantino Muscau, fiduciario Casagit della Lombardia, hanno stipulato una convenzione, nell\u2019ambito del progetto \u201cStress e disadattamento lavorativo &#8211; mobbing\u201d, con la Fondazione IRCCS C\u00e0 Granda &#8211; Ospedale Maggiore Policlinico, per l\u2019effettuazione di prestazioni sanitarie, esami psicodiagnostici, visite psicologiche e specialistiche complementari e colloqui psicoterapeutici a vantaggio degli iscritti all\u2019ALG. Il progetto \u00e8 finanziato dalla Casagit.<\/p>\n<p>L\u2019obiettivo, perseguito nel massimo rispetto e nella garanzia della riservatezza dei dati forniti, \u00e8 la realizzazione di una campagna di valutazione diagnostica in presenza di fenomeni evidenti o sommersi di aggressivit\u00e0 o di mobbing, che pregiudicano la dignit\u00e0 dei giornalisti sul luogo di lavoro e possono condurre a effetti negativi sulla salute di chi li subisce.<\/p>\n","protected":false},"excerpt":{"rendered":"<p>Il presidente e il vice-presidente dell\u2019Associazione Lombarda dei Giornalisti, Giovanni Negri e Paolo Chiarelli, grazie al sostegno di Costantino Muscau, fiduciario Casagit della Lombardia, hanno stipulato una convenzione, nell\u2019ambito del progetto \u201cStress e disadattamento lavorativo &#8211; mobbing\u201d, con la Fondazione IRCCS C\u00e0 Granda &#8211; Ospedale Maggiore Policlinico, per l\u2019effettuazione di prestazioni sanitarie, esami psicodiagnostici, visite &#8230; <a title=\"Giornalisti: finalmente qualcuno parla di mobbing\" class=\"read-more\" href=\"https:\/\/www.pasteris.it\/blog\/2010\/03\/01\/giornalisti-finalmente-qualcuno-parla-di-mobbing\/\" aria-label=\"Per saperne di pi\u00f9 su Giornalisti: finalmente qualcuno parla di mobbing\">Leggi tutto<\/a><\/p>\n","protected":false},"author":3,"featured_media":0,"comment_status":"open","ping_status":"open","sticky":false,"template":"","format":"standard","meta":{"footnotes":""},"categories":[11,30],"tags":[2158,161],"class_list":["post-17241","post","type-post","status-publish","format-standard","hentry","category-diritti","category-media","tag-diritti","tag-giornalisti"],"_links":{"self":[{"href":"https:\/\/www.pasteris.it\/blog\/wp-json\/wp\/v2\/posts\/17241","targetHints":{"allow":["GET"]}}],"collection":[{"href":"https:\/\/www.pasteris.it\/blog\/wp-json\/wp\/v2\/posts"}],"about":[{"href":"https:\/\/www.pasteris.it\/blog\/wp-json\/wp\/v2\/types\/post"}],"author":[{"embeddable":true,"href":"https:\/\/www.pasteris.it\/blog\/wp-json\/wp\/v2\/users\/3"}],"replies":[{"embeddable":true,"href":"https:\/\/www.pasteris.it\/blog\/wp-json\/wp\/v2\/comments?post=17241"}],"version-history":[{"count":2,"href":"https:\/\/www.pasteris.it\/blog\/wp-json\/wp\/v2\/posts\/17241\/revisions"}],"predecessor-version":[{"id":17243,"href":"https:\/\/www.pasteris.it\/blog\/wp-json\/wp\/v2\/posts\/17241\/revisions\/17243"}],"wp:attachment":[{"href":"https:\/\/www.pasteris.it\/blog\/wp-json\/wp\/v2\/media?parent=17241"}],"wp:term":[{"taxonomy":"category","embeddable":true,"href":"https:\/\/www.pasteris.it\/blog\/wp-json\/wp\/v2\/categories?post=17241"},{"taxonomy":"post_tag","embeddable":true,"href":"https:\/\/www.pasteris.it\/blog\/wp-json\/wp\/v2\/tags?post=17241"}],"curies":[{"name":"wp","href":"https:\/\/api.w.org\/{rel}","templated":true}]}}