{"id":17258,"date":"2010-03-02T20:39:45","date_gmt":"2010-03-02T19:39:45","guid":{"rendered":"http:\/\/www.pasteris.it\/blog\/?p=17258"},"modified":"2010-03-02T20:39:45","modified_gmt":"2010-03-02T19:39:45","slug":"marchette-mastodontiche","status":"publish","type":"post","link":"https:\/\/www.pasteris.it\/blog\/2010\/03\/02\/marchette-mastodontiche\/","title":{"rendered":"Marchette mastodontiche"},"content":{"rendered":"<p>Purtroppo il redazionale travestito da\u00a0 articolo \u00e8 sempre pi\u00f9 diffuso e sempre pi\u00f9 sudbolo. La credibilit\u00e0 va a farsi benedire (oddio per molti giornali la credibilit\u00e0 \u00e8 autologica del tipo io sono la credibilit\u00e0 detto forte davanti a uno specchio) e la deontologia viene considerata una parola vecchia e inutile (<a href=\"http:\/\/giornalaio.wordpress.com\/2010\/03\/02\/riproduzione-riservata\/\">Via il giornalaio<\/a>)<\/p>\n<blockquote><p>Italia Oggi da tempo si distingue per la  scorrettezza delle pratiche, mascherando da articoli i  publiredazionali, come \u00e8 stato pi\u00f9 volte segnalato [e documentato] in questi spazi.<\/p>\n<p>Nell\u2019edizione di oggi si tocca il fondo e si ha persino il coraggio di  apporre la dicitura &lt;&lt; riproduzione riservata &gt;&gt; a chiusura  di quello che \u00e8 smaccatamente il frutto del \u201ccopia \u2013 incolla\u201d di un  comunicato stampa fornito dall\u2019agenzia.<\/p>\n<p>Finch\u00e8 gli articoli saranno scritti sul  dorso degli annunci pubblicitari la credibilit\u00e0 del giornalismo \u00e8 condannata.<\/p><\/blockquote>\n<blockquote><p><a href=\"http:\/\/www.italiaoggi.it\/giornali\/preview_giornali.asp?id=1646321&amp;codiciTestate=1&amp;sez=hgiornali&amp;testo=&amp;titolo=Acer-Vodafone,%20il%20mini-pc%20che%20sembra%20un%20vero%20portatile\"><img loading=\"lazy\" decoding=\"async\" title=\"Advertorial\" src=\"http:\/\/giornalaio.files.wordpress.com\/2010\/03\/advertorial.jpg?w=406&amp;h=688\" alt=\"\" width=\"406\" height=\"688\" \/><\/a><\/p><\/blockquote>\n","protected":false},"excerpt":{"rendered":"<p>Purtroppo il redazionale travestito da\u00a0 articolo \u00e8 sempre pi\u00f9 diffuso e sempre pi\u00f9 sudbolo. La credibilit\u00e0 va a farsi benedire (oddio per molti giornali la credibilit\u00e0 \u00e8 autologica del tipo io sono la credibilit\u00e0 detto forte davanti a uno specchio) e la deontologia viene considerata una parola vecchia e inutile (Via il giornalaio) Italia Oggi &#8230; <a title=\"Marchette mastodontiche\" class=\"read-more\" href=\"https:\/\/www.pasteris.it\/blog\/2010\/03\/02\/marchette-mastodontiche\/\" aria-label=\"Per saperne di pi\u00f9 su Marchette mastodontiche\">Leggi tutto<\/a><\/p>\n","protected":false},"author":3,"featured_media":0,"comment_status":"open","ping_status":"open","sticky":false,"template":"","format":"standard","meta":{"footnotes":""},"categories":[11,30],"tags":[1286,160,430],"class_list":["post-17258","post","type-post","status-publish","format-standard","hentry","category-diritti","category-media","tag-credibilita","tag-giornalismo","tag-truffe"],"_links":{"self":[{"href":"https:\/\/www.pasteris.it\/blog\/wp-json\/wp\/v2\/posts\/17258","targetHints":{"allow":["GET"]}}],"collection":[{"href":"https:\/\/www.pasteris.it\/blog\/wp-json\/wp\/v2\/posts"}],"about":[{"href":"https:\/\/www.pasteris.it\/blog\/wp-json\/wp\/v2\/types\/post"}],"author":[{"embeddable":true,"href":"https:\/\/www.pasteris.it\/blog\/wp-json\/wp\/v2\/users\/3"}],"replies":[{"embeddable":true,"href":"https:\/\/www.pasteris.it\/blog\/wp-json\/wp\/v2\/comments?post=17258"}],"version-history":[{"count":2,"href":"https:\/\/www.pasteris.it\/blog\/wp-json\/wp\/v2\/posts\/17258\/revisions"}],"predecessor-version":[{"id":17260,"href":"https:\/\/www.pasteris.it\/blog\/wp-json\/wp\/v2\/posts\/17258\/revisions\/17260"}],"wp:attachment":[{"href":"https:\/\/www.pasteris.it\/blog\/wp-json\/wp\/v2\/media?parent=17258"}],"wp:term":[{"taxonomy":"category","embeddable":true,"href":"https:\/\/www.pasteris.it\/blog\/wp-json\/wp\/v2\/categories?post=17258"},{"taxonomy":"post_tag","embeddable":true,"href":"https:\/\/www.pasteris.it\/blog\/wp-json\/wp\/v2\/tags?post=17258"}],"curies":[{"name":"wp","href":"https:\/\/api.w.org\/{rel}","templated":true}]}}