{"id":17312,"date":"2010-03-04T08:29:04","date_gmt":"2010-03-04T07:29:04","guid":{"rendered":"http:\/\/www.pasteris.it\/blog\/?p=17312"},"modified":"2010-03-06T01:58:57","modified_gmt":"2010-03-06T00:58:57","slug":"la-memoria-del-futuro-e-gli-scienziati-piemontesi","status":"publish","type":"post","link":"https:\/\/www.pasteris.it\/blog\/2010\/03\/04\/la-memoria-del-futuro-e-gli-scienziati-piemontesi\/","title":{"rendered":"La memoria del futuro e gli scienziati piemontesi"},"content":{"rendered":"<p><a href=\"http:\/\/www.memoro.org\/it\/speciali_dett_esof.php\">La memoria del Futuro<\/a> \u00e8 un progetto dell\u2019Assessorato alla Ricerca e all\u2019Universit\u00e0 della Regione Piemonte e di Memoro ,  la Banca della Memoria che rende omaggio alla ricerca scientifica e tecnologica del Piemonte. Una regione che nel passaggio tra Ottocento e Novecento ha prodotto protagonisti di primo piano nel campo della matematica, della fisica, della medicina, dell\u2019antropologia.<\/p>\n<p>Alla scuola di Anatomia Umana di Giuseppe Levi, padre di Natalia Ginzburg, si formano tre premi Nobel: Rita Levi Montalcini, Renato Dulbecco e Salvador Luria. \u00c8 alla facolt\u00e0 di Fisica che, in piene leggi razziali, il giovane chimico Primo Levi trova chi gli consente di svolgere le attivit\u00e0 sperimentali necessarie al conseguimento della laurea in Chimica.<\/p>\n<p>La memoria del Futuro intende porre l\u2019attenzione su una regione ancora oggi ricca di sapere scientifico, un territorio in cui la connessione tra ricerca e applicazione \u00e8 significativa per una serie di settori produttivi che vanno dall\u2019auto all\u2019aeronautica, dal design all\u2019editoria, passando per il cinema, la radio, la televisione e la telefonia.<\/p>\n","protected":false},"excerpt":{"rendered":"<p>La memoria del Futuro \u00e8 un progetto dell\u2019Assessorato alla Ricerca e all\u2019Universit\u00e0 della Regione Piemonte e di Memoro , la Banca della Memoria che rende omaggio alla ricerca scientifica e tecnologica del Piemonte. Una regione che nel passaggio tra Ottocento e Novecento ha prodotto protagonisti di primo piano nel campo della matematica, della fisica, della &#8230; <a title=\"La memoria del futuro e gli scienziati piemontesi\" class=\"read-more\" href=\"https:\/\/www.pasteris.it\/blog\/2010\/03\/04\/la-memoria-del-futuro-e-gli-scienziati-piemontesi\/\" aria-label=\"Per saperne di pi\u00f9 su La memoria del futuro e gli scienziati piemontesi\">Leggi tutto<\/a><\/p>\n","protected":false},"author":3,"featured_media":0,"comment_status":"open","ping_status":"open","sticky":false,"template":"","format":"standard","meta":{"footnotes":""},"categories":[14,18],"tags":[1291,946,2163],"class_list":["post-17312","post","type-post","status-publish","format-standard","hentry","category-torino","category-scienza","tag-esof","tag-memoro","tag-scienza"],"_links":{"self":[{"href":"https:\/\/www.pasteris.it\/blog\/wp-json\/wp\/v2\/posts\/17312","targetHints":{"allow":["GET"]}}],"collection":[{"href":"https:\/\/www.pasteris.it\/blog\/wp-json\/wp\/v2\/posts"}],"about":[{"href":"https:\/\/www.pasteris.it\/blog\/wp-json\/wp\/v2\/types\/post"}],"author":[{"embeddable":true,"href":"https:\/\/www.pasteris.it\/blog\/wp-json\/wp\/v2\/users\/3"}],"replies":[{"embeddable":true,"href":"https:\/\/www.pasteris.it\/blog\/wp-json\/wp\/v2\/comments?post=17312"}],"version-history":[{"count":3,"href":"https:\/\/www.pasteris.it\/blog\/wp-json\/wp\/v2\/posts\/17312\/revisions"}],"predecessor-version":[{"id":17402,"href":"https:\/\/www.pasteris.it\/blog\/wp-json\/wp\/v2\/posts\/17312\/revisions\/17402"}],"wp:attachment":[{"href":"https:\/\/www.pasteris.it\/blog\/wp-json\/wp\/v2\/media?parent=17312"}],"wp:term":[{"taxonomy":"category","embeddable":true,"href":"https:\/\/www.pasteris.it\/blog\/wp-json\/wp\/v2\/categories?post=17312"},{"taxonomy":"post_tag","embeddable":true,"href":"https:\/\/www.pasteris.it\/blog\/wp-json\/wp\/v2\/tags?post=17312"}],"curies":[{"name":"wp","href":"https:\/\/api.w.org\/{rel}","templated":true}]}}