{"id":17336,"date":"2010-03-04T11:22:24","date_gmt":"2010-03-04T10:22:24","guid":{"rendered":"http:\/\/www.pasteris.it\/blog\/?p=17336"},"modified":"2010-03-04T12:10:32","modified_gmt":"2010-03-04T11:10:32","slug":"licenziata-in-quanto-sindacalista-ma-il-giudice-le-da-ragione","status":"publish","type":"post","link":"https:\/\/www.pasteris.it\/blog\/2010\/03\/04\/licenziata-in-quanto-sindacalista-ma-il-giudice-le-da-ragione\/","title":{"rendered":"Licenziata, in quanto sindacalista, ma il giudice le da ragione"},"content":{"rendered":"<p>In certe aziende <a href=\"http:\/\/www3.lastampa.it\/torino\/sezioni\/cronaca\/articolo\/lstp\/150152\/\">si sfrutta la crisi per restaurare le prassi del ventennio fascista<\/a><\/p>\n<blockquote><p>Nel salotto buono, in piazza San Carlo. L\u00ec, negli ovattati uffici di Intesa-Sanpaolo, secondo la Cgil e anche secondo il giudice, si consuma una sorta di persecuzione antisindacale. Una giovane donna, Cristina Burato, \u00e8 dipendente di una azienda, la Fidelity, che svolge in appalto servizi di portineria nel prestigioso palazzo.<br \/>\nLo scorso anno decide di iscriversi alla Filcams-Cgil &#8211; la categoria che si occupa dei pi\u00f9 deboli nel mercato del lavoro come imprese di pulizia, addetti alle vendite, guardie giurate &#8211; e incomincia a parlare con i colleghi, a mettere in discussione orari e retribuzioni, a discutere con il contratto alla mano.<\/p>\n<p>Dopo qualche mese &#8211; come racconta la segretaria della Filcams Elena Ferro &#8211; apre una breccia tra i suoi compagni e ne iscrive altri sei-sette. E a sua volta diventa delegata sindacale. Dice Ferro: \u00abTra mille peripezie riesce a fare qualcosa. Evidentemente d\u00e0 fastidio\u00bb. Dopo otto anni nello stesso posto viene spostata negli uffici di via Alfieri. Lavora da sola. E cos\u00ec la delegata rimane senza rappresentati e i lavoratori senza delegata. Con lei viene spostata una seconda lavoratrice, anche lei iscritta alla Filcams che per\u00f2 fa turni inversi a quelli di Cristina.<br \/>\n<!--more--><\/p>\n<p>A dicembre il sindacato ricorre alla magistratura e fa causa alla Fidelity, in base all\u2019articolo 28 dello Statuto dei Lavoratori, per attivit\u00e0 antisindacale. E si va in aula. Ferro spiega: \u00abLa delegata era completamente isolata e inoltre avevamo la quasi totale certezza che quell\u2019ufficio di via Alfieri stesse per essere smantellato\u00bb<br \/>\nAggiunge: \u00abIn dibattimento i responsabili dell\u2019azienda sostengono che sono disposti a riportarla in piazza San Carlo anche perch\u00e9 via Alfieri effettivamente chiude\u00bb. Il giudice Federica Lanza accoglie l\u2019istanza del sindacato, condanna la Fidelity per attivit\u00e0 antisindacale e al reintegro della lavoratrice al suo posto.<br \/>\nMa c\u2019\u00e8 una sorpresa: luned\u00ec Cristina Burato si presenta in piazza San Carlo e i suoi datori di lavoro le dicono che non pu\u00f2 entrare perch\u00e9 la banca non la vuole nelle sue portinerie. Ferro \u00e8 esasperata: \u00abSollecito la direzione di Intesa-Sanpaolo a spiegare se sia vero o meno questo veto incomprensibile, ma non ci rispondono\u00bb.<br \/>\nE lo dice chiaro: \u00abSe non sar\u00e0 riammessa al lavoro in piazza San Carlo torneremo in Tribunale. Non si ottempera a una decisione della magistratura. Si tratta di una inaccettabile persecuzione antisindacale\u00bb.<\/p>\n<p>E l\u2019avvocato Fausto Raffone, che ha rappresentato la Fiom, racconta una realt\u00e0 durissima: \u00abCasi come quello di Cristina Burato accadono di continuo. Quasi ogni giorno. Nel terziario dove i lavoratori sono pi\u00f9 deboli perch\u00e9 isolati, giovani, precari, poco sindacalizzati, non appena arriva il sindacato e cercano di difendersi partono le contromisure\u00bb. Ricorda un caso recente alla logistica della Michelin in corso Romania: \u00abSiamo arrivati addirittura a un diverso trattamento economico tra gli iscritti alla Filcams e gli altri. Anche l\u00ec abbiamo fatto causa e vinto. Ma il fatto di vincere quasi sempre non consola rispetto a un andazzo intollerabile\u00bb.<\/p><\/blockquote>\n","protected":false},"excerpt":{"rendered":"<p>In certe aziende si sfrutta la crisi per restaurare le prassi del ventennio fascista Nel salotto buono, in piazza San Carlo. L\u00ec, negli ovattati uffici di Intesa-Sanpaolo, secondo la Cgil e anche secondo il giudice, si consuma una sorta di persecuzione antisindacale. Una giovane donna, Cristina Burato, \u00e8 dipendente di una azienda, la Fidelity, che &#8230; <a title=\"Licenziata, in quanto sindacalista, ma il giudice le da ragione\" class=\"read-more\" href=\"https:\/\/www.pasteris.it\/blog\/2010\/03\/04\/licenziata-in-quanto-sindacalista-ma-il-giudice-le-da-ragione\/\" aria-label=\"Per saperne di pi\u00f9 su Licenziata, in quanto sindacalista, ma il giudice le da ragione\">Leggi tutto<\/a><\/p>\n","protected":false},"author":3,"featured_media":0,"comment_status":"open","ping_status":"open","sticky":false,"template":"","format":"standard","meta":{"footnotes":""},"categories":[11,14],"tags":[690,426,2160],"class_list":["post-17336","post","type-post","status-publish","format-standard","hentry","category-diritti","category-torino","tag-giustizia","tag-lavoro","tag-torino"],"_links":{"self":[{"href":"https:\/\/www.pasteris.it\/blog\/wp-json\/wp\/v2\/posts\/17336","targetHints":{"allow":["GET"]}}],"collection":[{"href":"https:\/\/www.pasteris.it\/blog\/wp-json\/wp\/v2\/posts"}],"about":[{"href":"https:\/\/www.pasteris.it\/blog\/wp-json\/wp\/v2\/types\/post"}],"author":[{"embeddable":true,"href":"https:\/\/www.pasteris.it\/blog\/wp-json\/wp\/v2\/users\/3"}],"replies":[{"embeddable":true,"href":"https:\/\/www.pasteris.it\/blog\/wp-json\/wp\/v2\/comments?post=17336"}],"version-history":[{"count":3,"href":"https:\/\/www.pasteris.it\/blog\/wp-json\/wp\/v2\/posts\/17336\/revisions"}],"predecessor-version":[{"id":17338,"href":"https:\/\/www.pasteris.it\/blog\/wp-json\/wp\/v2\/posts\/17336\/revisions\/17338"}],"wp:attachment":[{"href":"https:\/\/www.pasteris.it\/blog\/wp-json\/wp\/v2\/media?parent=17336"}],"wp:term":[{"taxonomy":"category","embeddable":true,"href":"https:\/\/www.pasteris.it\/blog\/wp-json\/wp\/v2\/categories?post=17336"},{"taxonomy":"post_tag","embeddable":true,"href":"https:\/\/www.pasteris.it\/blog\/wp-json\/wp\/v2\/tags?post=17336"}],"curies":[{"name":"wp","href":"https:\/\/api.w.org\/{rel}","templated":true}]}}