{"id":17434,"date":"2010-03-07T16:38:38","date_gmt":"2010-03-07T15:38:38","guid":{"rendered":"http:\/\/www.pasteris.it\/blog\/?p=17434"},"modified":"2010-03-07T17:42:04","modified_gmt":"2010-03-07T16:42:04","slug":"se-berlusconi-sapesse-che-il-pdl-ricorda-il-vecchio-partito-comunista","status":"publish","type":"post","link":"https:\/\/www.pasteris.it\/blog\/2010\/03\/07\/se-berlusconi-sapesse-che-il-pdl-ricorda-il-vecchio-partito-comunista\/","title":{"rendered":"Se Berlusconi sapesse che il PdL ricorda il vecchio partito comunista"},"content":{"rendered":"<p><a href=\"http:\/\/www.corriere.it\/editoriali\/10_marzo_07\/comunisti-involontari-editoriale-ernesto-galli-della-loggia_66123518-29c1-11df-8fa3-00144f02aabe.shtml\">Via Corriere.it<\/a><\/p>\n<blockquote><p>Il Pdl va rassomigliando sempre di pi\u00f9 al Partito comunista di un  tempo. I suoi tre coordinatori mi perdoneranno, ma proprio questa \u00e8  stata l\u2019associazione scattatami nella mente leggendo la loro replica al  mio editoriale \u00abIl fantasma di un partito \u00bb di mercoled\u00ec.<\/p>\n<p>Cosa c\u2019entra il Pci? C\u2019entra perch\u00e9, come spesso capitava con i  dirigenti di quel partito, anche Bondi, La Russa e Verdini nella loro  replica sono costretti a confutare in pubblico ci\u00f2 che in privato,  invece, un gran numero di loro eminenti compagni di partito (per non  parlare d\u2019iscritti ed elettori!) sono prontissimi non solo ad ammettere,  ma a denunciare apertamente essi per primi. Per buona educazione non  faccio nomi, naturalmente.<\/p>\n<p><!--more-->Posso garantire per\u00f2 che non si tratta n\u00e9 di amici del Presidente  Fini n\u00e9 tanto meno di persone che, come essi scrivono del sottoscritto,  passano le loro giornate \u00abin un ambiente praticamente sterile in  compagnia unicamente dei loro libri preferiti e delle loro personali  elucubrazioni \u00bb. E\u2019 proprio questo occultamento dei problemi, insieme  alla povert\u00e0 di elaborazione intellettuale, alla mancanza di trasparenza  nelle nomine interne e nelle candidature, all\u2019assenza di una libera  discussione e delle stesse sedi istituzionali dove eventualmente farla,  tra le cause prime di quella evanescenza rissosa del Pdl in quanto  partito, messa clamorosamente in luce dai recenti avvenimenti di Milano e  Roma. Sui quali, invece, i miei tre interlocutori preferiscono  sorvolare senza dire neppure una parola.<\/p>\n<p>Cos\u00ec come del resto nessuno di quel partito ha sentito bisogno di  chiedere scusa agli italiani per il pasticcio creato, per la  fibrillazione in cui \u00e8 stato gettato l\u2019intero dibattito politico, e per  aver costretto alla fine il Presidente della Repubblica ad avallare un  orribile decreto tappabuchi pur di non privare di qualunque significato  politico il prossimo appuntamento elettorale e di non lasciar  precipitare nel ridicolo l\u2019immagine del Paese pi\u00f9 di quanto gi\u00e0 ci sia.  Sbaglia chi pensa che queste cose siano dette per partito preso  antiberlusconiano. In generale il ruolo importante avuto da Berlusconi  nello stabilimento del bipolarismo, nonch\u00e9 in particolare alcuni  risultati positivi dell\u2019attuale governo, non sono stati mai nascosti n\u00e9  da questo giornale n\u00e9 da chi scrive. Cos\u00ec come personalmente non ho  difficolt\u00e0 a riconoscere che ministri come Gelmini, Maroni, Tremonti,  Sacconi o lo stesso La Russa stanno dando buona prova di s\u00e9.<\/p><\/blockquote>\n","protected":false},"excerpt":{"rendered":"<p>Via Corriere.it Il Pdl va rassomigliando sempre di pi\u00f9 al Partito comunista di un tempo. I suoi tre coordinatori mi perdoneranno, ma proprio questa \u00e8 stata l\u2019associazione scattatami nella mente leggendo la loro replica al mio editoriale \u00abIl fantasma di un partito \u00bb di mercoled\u00ec. Cosa c\u2019entra il Pci? C\u2019entra perch\u00e9, come spesso capitava con &#8230; <a title=\"Se Berlusconi sapesse che il PdL ricorda il vecchio partito comunista\" class=\"read-more\" href=\"https:\/\/www.pasteris.it\/blog\/2010\/03\/07\/se-berlusconi-sapesse-che-il-pdl-ricorda-il-vecchio-partito-comunista\/\" aria-label=\"Per saperne di pi\u00f9 su Se Berlusconi sapesse che il PdL ricorda il vecchio partito comunista\">Leggi tutto<\/a><\/p>\n","protected":false},"author":3,"featured_media":0,"comment_status":"open","ping_status":"open","sticky":false,"template":"","format":"standard","meta":{"footnotes":""},"categories":[11,1,32],"tags":[1283,69,1198],"class_list":["post-17434","post","type-post","status-publish","format-standard","hentry","category-diritti","category-politica","category-pensieri","tag-amministrative","tag-berlusconi","tag-pdl"],"_links":{"self":[{"href":"https:\/\/www.pasteris.it\/blog\/wp-json\/wp\/v2\/posts\/17434","targetHints":{"allow":["GET"]}}],"collection":[{"href":"https:\/\/www.pasteris.it\/blog\/wp-json\/wp\/v2\/posts"}],"about":[{"href":"https:\/\/www.pasteris.it\/blog\/wp-json\/wp\/v2\/types\/post"}],"author":[{"embeddable":true,"href":"https:\/\/www.pasteris.it\/blog\/wp-json\/wp\/v2\/users\/3"}],"replies":[{"embeddable":true,"href":"https:\/\/www.pasteris.it\/blog\/wp-json\/wp\/v2\/comments?post=17434"}],"version-history":[{"count":2,"href":"https:\/\/www.pasteris.it\/blog\/wp-json\/wp\/v2\/posts\/17434\/revisions"}],"predecessor-version":[{"id":17436,"href":"https:\/\/www.pasteris.it\/blog\/wp-json\/wp\/v2\/posts\/17434\/revisions\/17436"}],"wp:attachment":[{"href":"https:\/\/www.pasteris.it\/blog\/wp-json\/wp\/v2\/media?parent=17434"}],"wp:term":[{"taxonomy":"category","embeddable":true,"href":"https:\/\/www.pasteris.it\/blog\/wp-json\/wp\/v2\/categories?post=17434"},{"taxonomy":"post_tag","embeddable":true,"href":"https:\/\/www.pasteris.it\/blog\/wp-json\/wp\/v2\/tags?post=17434"}],"curies":[{"name":"wp","href":"https:\/\/api.w.org\/{rel}","templated":true}]}}