{"id":17616,"date":"2010-03-13T20:49:55","date_gmt":"2010-03-13T19:49:55","guid":{"rendered":"http:\/\/www.pasteris.it\/blog\/?p=17616"},"modified":"2010-03-13T20:49:55","modified_gmt":"2010-03-13T19:49:55","slug":"perche-gianni-letta-non-riceve-i-lavoratori-di-eutelia-perche-la-situazione-si-e-arenata","status":"publish","type":"post","link":"https:\/\/www.pasteris.it\/blog\/2010\/03\/13\/perche-gianni-letta-non-riceve-i-lavoratori-di-eutelia-perche-la-situazione-si-e-arenata\/","title":{"rendered":"Perch\u00e8 Gianni Letta non riceve i lavoratori di Eutelia ? Perch\u00e8 la situazione si \u00e8 arenata ?"},"content":{"rendered":"<p><a href=\"http:\/\/antefatto.ilcannocchiale.it\/glamware\/blogs\/blog.aspx?id_blog=96578&amp;id_blogdoc=2454889&amp;title=2454889\">Via Il Fatto Quotidiano<\/a><\/p>\n<blockquote><p>Ma resta il fatto che, nonostante i ripetuti impegni di Letta e le manifestazioni a Roma (l\u2019ultima due giorni fa), la situazione degli ex dipendenti di Eutelia non sembra destinata a sbloccarsi a breve. Riassunto delle puntate precedenti: nel\u2019estate 2009 Eutelia, che \u00e8 una societ\u00e0 di telecomunicazioni quotata in Borsa, sposta 2000 dipendenti (un \u201cramo d\u2019azienda\u201d) in un\u2019altra societ\u00e0 del gruppo, Agile, che poi viene subito venduta per una cifra simbolica al gruppo Omega, di cui si sa molto poco ma che sembra specializzato nell\u2019assorbire aziende in crisi. Agile non lo \u00e8, almeno non in quel momento. Ma diventa subito chiaro, sostengono i lavoratori, che l\u2019operazione \u00e8 soprattutto un modo per liberarsi di dipendenti non pi\u00f9 graditi e scaricare altrove i costi dei trattamenti di fine rapporto, invece di licenziarli direttamente.<\/p>\n<p>Da settembre i 2000 lavoratori &#8220;ceduti&#8221; non vengono pi\u00f9 pagati, 1200 di loro ricevono soltanto una lettera di licenziamento. Sulla vicenda indagano anche due procure, quella di Milano e quella di Arezzo. Dopo una grande manifestazione a dicembre, Letta si impegna a ottenere il commissariamento e a risolvere la situazione. Non \u00e8 successo. L\u2019unica novit\u00e0 di questi ultimi mesi \u00e8 stata l\u2019estromissione di Samuele Landi, l\u2019ex amministratore delegato, dal consiglio di amministrazione di Eutelia.<\/p>\n<p><!--more--><\/p>\n<p>Per il resto non si intravedono evoluzioni. Ieri i lavoratori hanno annunciato di non volersi pi\u00f9 muovere da piazza di Montecitorio finch\u00e9 il governo non imporr\u00e0 il commissariamento dell\u2019azienda che dovrebbe essere la condizione per garantire il pagamento degli stipendi arretrati.<\/p><\/blockquote>\n","protected":false},"excerpt":{"rendered":"<p>Via Il Fatto Quotidiano Ma resta il fatto che, nonostante i ripetuti impegni di Letta e le manifestazioni a Roma (l\u2019ultima due giorni fa), la situazione degli ex dipendenti di Eutelia non sembra destinata a sbloccarsi a breve. Riassunto delle puntate precedenti: nel\u2019estate 2009 Eutelia, che \u00e8 una societ\u00e0 di telecomunicazioni quotata in Borsa, sposta &#8230; <a title=\"Perch\u00e8 Gianni Letta non riceve i lavoratori di Eutelia ? Perch\u00e8 la situazione si \u00e8 arenata ?\" class=\"read-more\" href=\"https:\/\/www.pasteris.it\/blog\/2010\/03\/13\/perche-gianni-letta-non-riceve-i-lavoratori-di-eutelia-perche-la-situazione-si-e-arenata\/\" aria-label=\"Per saperne di pi\u00f9 su Perch\u00e8 Gianni Letta non riceve i lavoratori di Eutelia ? Perch\u00e8 la situazione si \u00e8 arenata ?\">Leggi tutto<\/a><\/p>\n","protected":false},"author":3,"featured_media":0,"comment_status":"open","ping_status":"open","sticky":false,"template":"","format":"standard","meta":{"footnotes":""},"categories":[11,17,6,14],"tags":[1149,128],"class_list":["post-17616","post","type-post","status-publish","format-standard","hentry","category-diritti","category-economia","category-internet","category-torino","tag-agile","tag-eutelia"],"_links":{"self":[{"href":"https:\/\/www.pasteris.it\/blog\/wp-json\/wp\/v2\/posts\/17616","targetHints":{"allow":["GET"]}}],"collection":[{"href":"https:\/\/www.pasteris.it\/blog\/wp-json\/wp\/v2\/posts"}],"about":[{"href":"https:\/\/www.pasteris.it\/blog\/wp-json\/wp\/v2\/types\/post"}],"author":[{"embeddable":true,"href":"https:\/\/www.pasteris.it\/blog\/wp-json\/wp\/v2\/users\/3"}],"replies":[{"embeddable":true,"href":"https:\/\/www.pasteris.it\/blog\/wp-json\/wp\/v2\/comments?post=17616"}],"version-history":[{"count":2,"href":"https:\/\/www.pasteris.it\/blog\/wp-json\/wp\/v2\/posts\/17616\/revisions"}],"predecessor-version":[{"id":17618,"href":"https:\/\/www.pasteris.it\/blog\/wp-json\/wp\/v2\/posts\/17616\/revisions\/17618"}],"wp:attachment":[{"href":"https:\/\/www.pasteris.it\/blog\/wp-json\/wp\/v2\/media?parent=17616"}],"wp:term":[{"taxonomy":"category","embeddable":true,"href":"https:\/\/www.pasteris.it\/blog\/wp-json\/wp\/v2\/categories?post=17616"},{"taxonomy":"post_tag","embeddable":true,"href":"https:\/\/www.pasteris.it\/blog\/wp-json\/wp\/v2\/tags?post=17616"}],"curies":[{"name":"wp","href":"https:\/\/api.w.org\/{rel}","templated":true}]}}