{"id":1769,"date":"2007-06-08T07:22:23","date_gmt":"2007-06-08T05:22:23","guid":{"rendered":"http:\/\/www.pasteris.it\/blog\/2007\/06\/08\/una-risata-ci-seppellira\/"},"modified":"2007-06-08T07:22:23","modified_gmt":"2007-06-08T05:22:23","slug":"una-risata-ci-seppellira","status":"publish","type":"post","link":"https:\/\/www.pasteris.it\/blog\/2007\/06\/08\/una-risata-ci-seppellira\/","title":{"rendered":"Una risata ci seppellir\u00e0"},"content":{"rendered":"<p>Via il <a href=\"http:\/\/www.davidesalerno.net\/2007\/06\/07\/per-un-paio-di-crocks\/\">multiforme Davide Salerno<\/a><\/p>\n<p>L&#8217;ironia del video \u00e8 evidente &#8230;<br \/>\nSi specifica che il numero di calzature preferito \u00e8 il 44 e si prediligono i colori classici non eccessivi.<\/p>\n<blockquote><p>Cosa non si farebbe al giorno d\u2019oggi per un paio di <strong>Crocks<\/strong>? Io personalmente sarei anche disposto ad uccidere per averne un paio. Forse per\u00f2 non mi dovr\u00f2 sporcare le mani per cos\u00ec poco (o cos\u00ec tanto?) perch\u00e8 il buon <strong><a href=\"http:\/\/itfonblog.wordpress.com\/\" title=\"ITFonBlog\">Antonangelo<\/a><\/strong> ha avuto la <a href=\"http:\/\/itfonblog.wordpress.com\/2007\/06\/06\/link-di-scambio\/\" title=\"Brillante idea\">brillante idea<\/a> di regalarle a coloro che lo linkeranno e lo citeranno per aiutarlo a scalare la vetta fino ad arrivare in cima, l\u00ec dove l\u2019ossigeno \u00e8 pi\u00f9 rarefatto, tra le blogstar di <a href=\"http:\/\/it.blogbabel.com\/metrics\/\" title=\"Classifica aggregata di Blogbabel\">BlogBabel<\/a>.<\/p><\/blockquote>\n<p><video>http:\/\/www.youtube.com\/watch?v=Kow1zdGN9i8<\/video><\/p>\n","protected":false},"excerpt":{"rendered":"<p>Via il multiforme Davide Salerno L&#8217;ironia del video \u00e8 evidente &#8230; Si specifica che il numero di calzature preferito \u00e8 il 44 e si prediligono i colori classici non eccessivi. Cosa non si farebbe al giorno d\u2019oggi per un paio di Crocks? Io personalmente sarei anche disposto ad uccidere per averne un paio. Forse per\u00f2 &#8230; <a title=\"Una risata ci seppellir\u00e0\" class=\"read-more\" href=\"https:\/\/www.pasteris.it\/blog\/2007\/06\/08\/una-risata-ci-seppellira\/\" aria-label=\"Per saperne di pi\u00f9 su Una risata ci seppellir\u00e0\">Leggi tutto<\/a><\/p>\n","protected":false},"author":4,"featured_media":0,"comment_status":"open","ping_status":"open","sticky":false,"template":"","format":"standard","meta":{"footnotes":""},"categories":[],"tags":[2157,81,2167,354,374,376],"class_list":["post-1769","post","type-post","status-publish","format-standard","hentry","tag-blog","tag-blogstar","tag-ironia","tag-video","tag-wordpress","tag-youtube"],"_links":{"self":[{"href":"https:\/\/www.pasteris.it\/blog\/wp-json\/wp\/v2\/posts\/1769","targetHints":{"allow":["GET"]}}],"collection":[{"href":"https:\/\/www.pasteris.it\/blog\/wp-json\/wp\/v2\/posts"}],"about":[{"href":"https:\/\/www.pasteris.it\/blog\/wp-json\/wp\/v2\/types\/post"}],"author":[{"embeddable":true,"href":"https:\/\/www.pasteris.it\/blog\/wp-json\/wp\/v2\/users\/4"}],"replies":[{"embeddable":true,"href":"https:\/\/www.pasteris.it\/blog\/wp-json\/wp\/v2\/comments?post=1769"}],"version-history":[{"count":0,"href":"https:\/\/www.pasteris.it\/blog\/wp-json\/wp\/v2\/posts\/1769\/revisions"}],"wp:attachment":[{"href":"https:\/\/www.pasteris.it\/blog\/wp-json\/wp\/v2\/media?parent=1769"}],"wp:term":[{"taxonomy":"category","embeddable":true,"href":"https:\/\/www.pasteris.it\/blog\/wp-json\/wp\/v2\/categories?post=1769"},{"taxonomy":"post_tag","embeddable":true,"href":"https:\/\/www.pasteris.it\/blog\/wp-json\/wp\/v2\/tags?post=1769"}],"curies":[{"name":"wp","href":"https:\/\/api.w.org\/{rel}","templated":true}]}}