{"id":17769,"date":"2010-03-19T14:09:50","date_gmt":"2010-03-19T13:09:50","guid":{"rendered":"http:\/\/www.pasteris.it\/blog\/?p=17769"},"modified":"2010-03-19T14:09:50","modified_gmt":"2010-03-19T13:09:50","slug":"rimescolamento-nel-cda-di-rcs-quotidiani","status":"publish","type":"post","link":"https:\/\/www.pasteris.it\/blog\/2010\/03\/19\/rimescolamento-nel-cda-di-rcs-quotidiani\/","title":{"rendered":"Rimescolamento nel cda di Rcs Quotidiani"},"content":{"rendered":"<p>La notizia (<a href=\"http:\/\/www.corriere.it\/notizie-ultima-ora\/Economia\/Rcs-Quotidiani-Montezemolo-Geronzi-Della-Valle-Cda\/18-03-2010\/1-A_000090816.shtml\">via Corriere.it<\/a>)<\/p>\n<blockquote><p>Rcs Quotidiani fa sapere con una nota che nel consiglio di  amministrazione entrano Giovanni Bazoli, Luca Cordero di Montezemolo,  Diego Della Valle, Cesare Geronzi, Antonello Perricone, Giampiero  Pesenti e Marco Tronchetti Provera. Li ha indicati il Cda della  capogruppo Rcs MediaGroup.<\/p><\/blockquote>\n<p>Il commento (<a href=\"http:\/\/www.dagospia.com\/rubrica-4\/business\/articolo-14103.htm\">via Dagospia<\/a>)<\/p>\n<blockquote><p>Questo ingresso a piedi giunti in Rcs Quotidiani da parte del gotha  non \u00e8 privo di significato e non si giustifica soltanto con la perdita  di 129 milioni del Gruppo che avrebbe dovuto mettere alla porta  l&#8217;amministratore delegato, Antonello Perricone. Resta il fatto che se il  notaio Marchetti oggi cammina sulle punte, il direttore del &#8220;Corriere  della Sera&#8221;, Flebuccio De Bortoli, da ieri sente un peso sullo stomaco  grande come un macigno.<\/p>\n<p>Dietro la sua scrivania si sono disposti a corona i pesi massimi  della finanza e dell&#8217;industria. La sensazione \u00e8 quella di essere  &#8220;cinturato&#8221; da uomini che non hanno pi\u00f9 voglia di scherzare e che di  fronte all&#8217;instabilit\u00e0 politica ed economica stringeranno lacci e  lacciuoli intorno alla sua penna.<\/p><\/blockquote>\n","protected":false},"excerpt":{"rendered":"<p>La notizia (via Corriere.it) Rcs Quotidiani fa sapere con una nota che nel consiglio di amministrazione entrano Giovanni Bazoli, Luca Cordero di Montezemolo, Diego Della Valle, Cesare Geronzi, Antonello Perricone, Giampiero Pesenti e Marco Tronchetti Provera. Li ha indicati il Cda della capogruppo Rcs MediaGroup. Il commento (via Dagospia) Questo ingresso a piedi giunti in &#8230; <a title=\"Rimescolamento nel cda di Rcs Quotidiani\" class=\"read-more\" href=\"https:\/\/www.pasteris.it\/blog\/2010\/03\/19\/rimescolamento-nel-cda-di-rcs-quotidiani\/\" aria-label=\"Per saperne di pi\u00f9 su Rimescolamento nel cda di Rcs Quotidiani\">Leggi tutto<\/a><\/p>\n","protected":false},"author":3,"featured_media":0,"comment_status":"open","ping_status":"open","sticky":false,"template":"","format":"standard","meta":{"footnotes":""},"categories":[17,30],"tags":[107,563,121,279,584],"class_list":["post-17769","post","type-post","status-publish","format-standard","hentry","category-economia","category-media","tag-corriere","tag-dagospia","tag-editoria","tag-quotidiani","tag-rcs"],"_links":{"self":[{"href":"https:\/\/www.pasteris.it\/blog\/wp-json\/wp\/v2\/posts\/17769","targetHints":{"allow":["GET"]}}],"collection":[{"href":"https:\/\/www.pasteris.it\/blog\/wp-json\/wp\/v2\/posts"}],"about":[{"href":"https:\/\/www.pasteris.it\/blog\/wp-json\/wp\/v2\/types\/post"}],"author":[{"embeddable":true,"href":"https:\/\/www.pasteris.it\/blog\/wp-json\/wp\/v2\/users\/3"}],"replies":[{"embeddable":true,"href":"https:\/\/www.pasteris.it\/blog\/wp-json\/wp\/v2\/comments?post=17769"}],"version-history":[{"count":1,"href":"https:\/\/www.pasteris.it\/blog\/wp-json\/wp\/v2\/posts\/17769\/revisions"}],"predecessor-version":[{"id":17770,"href":"https:\/\/www.pasteris.it\/blog\/wp-json\/wp\/v2\/posts\/17769\/revisions\/17770"}],"wp:attachment":[{"href":"https:\/\/www.pasteris.it\/blog\/wp-json\/wp\/v2\/media?parent=17769"}],"wp:term":[{"taxonomy":"category","embeddable":true,"href":"https:\/\/www.pasteris.it\/blog\/wp-json\/wp\/v2\/categories?post=17769"},{"taxonomy":"post_tag","embeddable":true,"href":"https:\/\/www.pasteris.it\/blog\/wp-json\/wp\/v2\/tags?post=17769"}],"curies":[{"name":"wp","href":"https:\/\/api.w.org\/{rel}","templated":true}]}}