{"id":1815,"date":"2007-11-06T07:32:30","date_gmt":"2007-11-06T05:32:30","guid":{"rendered":"http:\/\/www.pasteris.it\/blog\/2007\/11\/06\/la-blogosfera-non-conta-nulla\/"},"modified":"2007-11-06T03:33:46","modified_gmt":"2007-11-06T01:33:46","slug":"la-blogosfera-non-conta-nulla","status":"publish","type":"post","link":"https:\/\/www.pasteris.it\/blog\/2007\/11\/06\/la-blogosfera-non-conta-nulla\/","title":{"rendered":"La blogosfera non conta nulla"},"content":{"rendered":"<p><a href=\"http:\/\/www.minimarketing.it\/2007\/11\/la-blogosfera-non-conta-nulla.html\">Via Minimarketing <\/a><\/p>\n<blockquote><p>La discussione mi ha colpito perch\u00e8 spesso chi vive internet (incluso me) ne sopravvaluta e di molto la capillarit\u00e0. In realt\u00e0, lui sosteneva, il web illumina e connette gli illuminati, e fa (o pu\u00f2) molto poco per attirare chi non \u00e8 ancora &#8216;illuminato&#8217;: per questo, dice, devi passare prima per la carta stampata, partire dalle piazze, dai bar, dalle edicole, e solo poi pensare di parlare via web.<\/p>\n<p>Invece con mio nipote teenager, ho cercato di capire quanto sia diffuso l&#8217;uso della rete, di quanto sia diffuso il blogging, finendo per accettare come per buona parte di questi 14-something la rete sia solo un&#8217;estensione creativa di quello che era il telecomando e che adesso si chiama eMule o YouTube, mentre la rete &#8216;scritta&#8217; sia a loro completamente sconosciuta e priva di qualsiasi interesse, e di come anche i blog (gli 80.000 di Libero e le centinaia di migliaia di MSN), per come li intendono loro, non sono nemmeno lontanamente strumenti editoriali come li intendiamo noi, ma solamente una forma graficamente leggermente diversa di ci\u00f2 che per noi \u00e8 solamente un profilo di Facebook.<\/p><\/blockquote>\n","protected":false},"excerpt":{"rendered":"<p>Via Minimarketing La discussione mi ha colpito perch\u00e8 spesso chi vive internet (incluso me) ne sopravvaluta e di molto la capillarit\u00e0. In realt\u00e0, lui sosteneva, il web illumina e connette gli illuminati, e fa (o pu\u00f2) molto poco per attirare chi non \u00e8 ancora &#8216;illuminato&#8217;: per questo, dice, devi passare prima per la carta stampata, &#8230; <a title=\"La blogosfera non conta nulla\" class=\"read-more\" href=\"https:\/\/www.pasteris.it\/blog\/2007\/11\/06\/la-blogosfera-non-conta-nulla\/\" aria-label=\"Per saperne di pi\u00f9 su La blogosfera non conta nulla\">Leggi tutto<\/a><\/p>\n","protected":false},"author":4,"featured_media":0,"comment_status":"open","ping_status":"open","sticky":false,"template":"","format":"standard","meta":{"footnotes":""},"categories":[],"tags":[415,2157,80,118,121,129,2155,551,363,376],"class_list":["post-1815","post","type-post","status-publish","format-standard","hentry","tag-arte","tag-blog","tag-blogosfera","tag-ebook","tag-editoria","tag-facebook","tag-internet","tag-legge","tag-web","tag-youtube"],"_links":{"self":[{"href":"https:\/\/www.pasteris.it\/blog\/wp-json\/wp\/v2\/posts\/1815","targetHints":{"allow":["GET"]}}],"collection":[{"href":"https:\/\/www.pasteris.it\/blog\/wp-json\/wp\/v2\/posts"}],"about":[{"href":"https:\/\/www.pasteris.it\/blog\/wp-json\/wp\/v2\/types\/post"}],"author":[{"embeddable":true,"href":"https:\/\/www.pasteris.it\/blog\/wp-json\/wp\/v2\/users\/4"}],"replies":[{"embeddable":true,"href":"https:\/\/www.pasteris.it\/blog\/wp-json\/wp\/v2\/comments?post=1815"}],"version-history":[{"count":0,"href":"https:\/\/www.pasteris.it\/blog\/wp-json\/wp\/v2\/posts\/1815\/revisions"}],"wp:attachment":[{"href":"https:\/\/www.pasteris.it\/blog\/wp-json\/wp\/v2\/media?parent=1815"}],"wp:term":[{"taxonomy":"category","embeddable":true,"href":"https:\/\/www.pasteris.it\/blog\/wp-json\/wp\/v2\/categories?post=1815"},{"taxonomy":"post_tag","embeddable":true,"href":"https:\/\/www.pasteris.it\/blog\/wp-json\/wp\/v2\/tags?post=1815"}],"curies":[{"name":"wp","href":"https:\/\/api.w.org\/{rel}","templated":true}]}}