{"id":18156,"date":"2010-04-08T10:36:00","date_gmt":"2010-04-08T08:36:00","guid":{"rendered":"http:\/\/www.pasteris.it\/blog\/?p=18156"},"modified":"2010-04-08T10:36:00","modified_gmt":"2010-04-08T08:36:00","slug":"espatria-lomino-bialetti","status":"publish","type":"post","link":"https:\/\/www.pasteris.it\/blog\/2010\/04\/08\/espatria-lomino-bialetti\/","title":{"rendered":"Espatria l&#8217;omino Bialetti"},"content":{"rendered":"<p><a href=\"http:\/\/torino.repubblica.it\/cronaca\/2010\/04\/07\/news\/l_omino_con_i_baffi_della_bialetti_va_all_estero_l_azienda_chiude_lo_stabilimento_di_crusinallo-3186162\/\">Via Repubblica.it<\/a><\/p>\n<blockquote><p><img loading=\"lazy\" decoding=\"async\" class=\"alignright\" title=\"Bialetti\" src=\"http:\/\/torino.repubblica.it\/images\/2010\/04\/07\/202628639-9608f1db-bfb5-4595-9e6a-c9064eab9d74.jpg\" alt=\"\" width=\"200\" height=\"244\" \/>Chiude la fabbrica dove nel 1919 fu fondata la Bialetti, per decenni sinonimo di caffettiere. E Mette in mobilit\u00e0 i 120 dipendenti dell&#8217;impianto piemontese, tra operai e impiegati. L&#8217;annuncio \u00e8 stato dato oggi dall&#8217;azienda che ha ventilato la possibilit\u00e0 di trasferire l&#8217;intera produzione italiana di moka express dallo stabilimento di Crusinallo, vicino ad Omegna, a un paese dell&#8217;est europeo.<\/p>\n<p>L&#8217;omino con i baffi, logo che l&#8217;ha resa famosa in tutto il mondo e che impervers\u00f2 sul Carosello dal 1958, potrebbe, dunque, espatriare e, insieme con lui, un pezzo di storia italiana, industriale e culturale. Il padre dell&#8217;industria della moka per eccellenza, Alfonso Bialetti, apr\u00ec l&#8217;officina di Crusinallo per produrre semilavorati in alluminio, ma nel 1933 lo spirito imprenditoriale unito all&#8217;intuizione creativa, lo port\u00f2 a sposare la causa del caff\u00e8. La moka, dal design art dec\u00f2, da l\u00ec a pochissimo tempo entr\u00f2 nelle case degli italiani per non lasciarle pi\u00f9. Nonostante i cambiamenti, nell&#8217;assetto societario come nelle diversificazione produttiva, il marchio Bialetti resiste e uno studio recente ha calcolato che il 90% delle famiglie italiane possiede una caffettiera dell&#8217;omino con i baffi.<\/p>\n<p><!--more--><\/p>\n<p>Oggi la Bialetti Industrie, nata dalla fusione di Alfonso Bialetti &amp; C. con Rondine Italia, \u00e8 impegnata in pi\u00f9 settori produttivi. Sotto il marchio Bialetti ce ne stanno altri non meno importanti e con una lunga tradizione: oltre a Rondine, Girmi, Aeternum e Cem che immettono sul mercato accessori da cucina, piccoli elettrodomestici, caffettiere non elettriche. Dal luglio 2007, Bialetti Industrie \u00e8 quotata sul Mta di Borsa Italiana. Il Gruppo, con circa 1000 collaboratori, copre tutti i principali mercati geografici. Cinque le filiali all&#8217;estero (Francia, Germania, Spagna, Turchia, India) e 5 gli stabilimenti produttivi di cui uno, quello di Crusinallo, finora specifico nella produzione delle moka. Bialetti Industrie produce e commercializza in pi\u00f9 di 90 paesi.<\/p><\/blockquote>\n","protected":false},"excerpt":{"rendered":"<p>Via Repubblica.it Chiude la fabbrica dove nel 1919 fu fondata la Bialetti, per decenni sinonimo di caffettiere. E Mette in mobilit\u00e0 i 120 dipendenti dell&#8217;impianto piemontese, tra operai e impiegati. L&#8217;annuncio \u00e8 stato dato oggi dall&#8217;azienda che ha ventilato la possibilit\u00e0 di trasferire l&#8217;intera produzione italiana di moka express dallo stabilimento di Crusinallo, vicino ad &#8230; <a title=\"Espatria l&#8217;omino Bialetti\" class=\"read-more\" href=\"https:\/\/www.pasteris.it\/blog\/2010\/04\/08\/espatria-lomino-bialetti\/\" aria-label=\"Per saperne di pi\u00f9 su Espatria l&#8217;omino Bialetti\">Leggi tutto<\/a><\/p>\n","protected":false},"author":3,"featured_media":0,"comment_status":"open","ping_status":"open","sticky":false,"template":"","format":"standard","meta":{"footnotes":""},"categories":[17,14],"tags":[379,426],"class_list":["post-18156","post","type-post","status-publish","format-standard","hentry","category-economia","category-torino","tag-crisi","tag-lavoro"],"_links":{"self":[{"href":"https:\/\/www.pasteris.it\/blog\/wp-json\/wp\/v2\/posts\/18156","targetHints":{"allow":["GET"]}}],"collection":[{"href":"https:\/\/www.pasteris.it\/blog\/wp-json\/wp\/v2\/posts"}],"about":[{"href":"https:\/\/www.pasteris.it\/blog\/wp-json\/wp\/v2\/types\/post"}],"author":[{"embeddable":true,"href":"https:\/\/www.pasteris.it\/blog\/wp-json\/wp\/v2\/users\/3"}],"replies":[{"embeddable":true,"href":"https:\/\/www.pasteris.it\/blog\/wp-json\/wp\/v2\/comments?post=18156"}],"version-history":[{"count":2,"href":"https:\/\/www.pasteris.it\/blog\/wp-json\/wp\/v2\/posts\/18156\/revisions"}],"predecessor-version":[{"id":18158,"href":"https:\/\/www.pasteris.it\/blog\/wp-json\/wp\/v2\/posts\/18156\/revisions\/18158"}],"wp:attachment":[{"href":"https:\/\/www.pasteris.it\/blog\/wp-json\/wp\/v2\/media?parent=18156"}],"wp:term":[{"taxonomy":"category","embeddable":true,"href":"https:\/\/www.pasteris.it\/blog\/wp-json\/wp\/v2\/categories?post=18156"},{"taxonomy":"post_tag","embeddable":true,"href":"https:\/\/www.pasteris.it\/blog\/wp-json\/wp\/v2\/tags?post=18156"}],"curies":[{"name":"wp","href":"https:\/\/api.w.org\/{rel}","templated":true}]}}