{"id":18264,"date":"2010-04-14T20:21:14","date_gmt":"2010-04-14T18:21:14","guid":{"rendered":"http:\/\/www.pasteris.it\/blog\/?p=18264"},"modified":"2010-04-19T19:37:31","modified_gmt":"2010-04-19T17:37:31","slug":"marco-pratellesi-lascia-il-corriere-per-andare-a-conde-nast","status":"publish","type":"post","link":"https:\/\/www.pasteris.it\/blog\/2010\/04\/14\/marco-pratellesi-lascia-il-corriere-per-andare-a-conde-nast\/","title":{"rendered":"Marco Pratellesi lascia il Corriere per andare a Cond\u00e9 Nast"},"content":{"rendered":"<p><a href=\"http:\/\/www.affaritaliani.it\/mediatech\/pratellesi140410.html\">Via Affari Italiani<\/a><\/p>\n<blockquote><p>Marco Pratellesi lascia la responsabilit\u00e0 del Corriere.it e passa a Cond\u00e9 Nast, dove sar\u00e0 direttore editoriale  dell&#8217;area digital alle dirette dipendenze di Carlo Verdelli.  Lo riferisce Primaonline.<\/p>\n<p>E&#8217; il secondo &#8220;colpo&#8221;  in pochi mesi di Cond\u00e9 Nast ai danni di Rcs: a febbraio lo  stesso Verdelli aveva lasciato la direzione della Gazzetta dello  Sport per tornare appunto nella casa editrice in cui aveva diretto Vanity  Fair, questa volta con l&#8217;incarico di vice president-editorial.<\/p>\n<p>E proprio Verdelli, assicurano i bene informati, ha  fortemente voluto l&#8217;ex responsabile del Corriere.it in Cond\u00e9  Nast: con Pratellesi, infatti, l&#8217;attuale executive vice  president &#8211; editorial aveva lavorato a stretto contatto sia quando era  direttore della Gazzetta, sia quando (fino al 2004) occupava la  poltrona di vicedirettore del Corriere della Sera con delega  per l&#8217;online.<\/p><\/blockquote>\n<p>UPDATE:\u00a0 Paolo Rastelli, caporedattore centrale del Corriere diventa responsabile di Corriere.it, al posto di Marco Pratellesi. Al vicedirettore Daniele Mancaviene affidata la delega per l&#8217;on-line.<\/p>\n","protected":false},"excerpt":{"rendered":"<p>Via Affari Italiani Marco Pratellesi lascia la responsabilit\u00e0 del Corriere.it e passa a Cond\u00e9 Nast, dove sar\u00e0 direttore editoriale dell&#8217;area digital alle dirette dipendenze di Carlo Verdelli. Lo riferisce Primaonline. E&#8217; il secondo &#8220;colpo&#8221; in pochi mesi di Cond\u00e9 Nast ai danni di Rcs: a febbraio lo stesso Verdelli aveva lasciato la direzione della Gazzetta &#8230; <a title=\"Marco Pratellesi lascia il Corriere per andare a Cond\u00e9 Nast\" class=\"read-more\" href=\"https:\/\/www.pasteris.it\/blog\/2010\/04\/14\/marco-pratellesi-lascia-il-corriere-per-andare-a-conde-nast\/\" aria-label=\"Per saperne di pi\u00f9 su Marco Pratellesi lascia il Corriere per andare a Cond\u00e9 Nast\">Leggi tutto<\/a><\/p>\n","protected":false},"author":3,"featured_media":0,"comment_status":"open","ping_status":"open","sticky":false,"template":"","format":"standard","meta":{"footnotes":""},"categories":[6,30],"tags":[161,1262],"class_list":["post-18264","post","type-post","status-publish","format-standard","hentry","category-internet","category-media","tag-giornalisti","tag-pratellesi"],"_links":{"self":[{"href":"https:\/\/www.pasteris.it\/blog\/wp-json\/wp\/v2\/posts\/18264","targetHints":{"allow":["GET"]}}],"collection":[{"href":"https:\/\/www.pasteris.it\/blog\/wp-json\/wp\/v2\/posts"}],"about":[{"href":"https:\/\/www.pasteris.it\/blog\/wp-json\/wp\/v2\/types\/post"}],"author":[{"embeddable":true,"href":"https:\/\/www.pasteris.it\/blog\/wp-json\/wp\/v2\/users\/3"}],"replies":[{"embeddable":true,"href":"https:\/\/www.pasteris.it\/blog\/wp-json\/wp\/v2\/comments?post=18264"}],"version-history":[{"count":4,"href":"https:\/\/www.pasteris.it\/blog\/wp-json\/wp\/v2\/posts\/18264\/revisions"}],"predecessor-version":[{"id":18266,"href":"https:\/\/www.pasteris.it\/blog\/wp-json\/wp\/v2\/posts\/18264\/revisions\/18266"}],"wp:attachment":[{"href":"https:\/\/www.pasteris.it\/blog\/wp-json\/wp\/v2\/media?parent=18264"}],"wp:term":[{"taxonomy":"category","embeddable":true,"href":"https:\/\/www.pasteris.it\/blog\/wp-json\/wp\/v2\/categories?post=18264"},{"taxonomy":"post_tag","embeddable":true,"href":"https:\/\/www.pasteris.it\/blog\/wp-json\/wp\/v2\/tags?post=18264"}],"curies":[{"name":"wp","href":"https:\/\/api.w.org\/{rel}","templated":true}]}}