{"id":18370,"date":"2010-04-20T05:16:34","date_gmt":"2010-04-20T03:16:34","guid":{"rendered":"http:\/\/www.pasteris.it\/blog\/?p=18370"},"modified":"2010-04-20T05:16:34","modified_gmt":"2010-04-20T03:16:34","slug":"post-sul-post","status":"publish","type":"post","link":"https:\/\/www.pasteris.it\/blog\/2010\/04\/20\/post-sul-post\/","title":{"rendered":"Post sul Post"},"content":{"rendered":"<p><a href=\"http:\/\/www.ilpost.it\/2010\/04\/19\/in-questo-post\/comment-page-1\/#comment-71\">Luca Sofri presenta Il Post<\/a><\/p>\n<blockquote><p><a href=\"http:\/\/www.ilpost.it\">Il Post<\/a> \u00e8 una cosa cos\u00ec: per met\u00e0 aggregatore (altro termine equivoco), per met\u00e0 editore di blog. Ha una redazione che pubblica notizie, storie, informazioni raccogliendole in rete e nei media, e linkando e segnalando le fonti. E ha una famiglia di blog affidati ad autori di diverse qualit\u00e0 e competenze ma con cui il Post condivide un\u2019ambizione di innovare la qualit\u00e0 delle cose italiane, nel suo piccolo (e loro l\u2019hanno riconosciuta e ci hanno creduto). Per chi lo ha seguito finora (nove anni), il Post \u00e8 Wittgenstein, ma di pi\u00f9. Pi\u00f9 storie, pi\u00f9 link, pi\u00f9 idee, pi\u00f9 blog.<\/p>\n<p>Ambizioni, parecchie. Piedi per terra, altrettanti. Ci metteremo un po\u2019, a fare tutte le cose che vorremmo fare (tutte tutte, a essere sinceri con noi stessi, non ci riusciremo mai). Ma ne vorremmo fare molte. Introdurre di pi\u00f9 internet nel sistema dell\u2019informazione italiana, migliorare la qualit\u00e0 e l\u2019affidabilit\u00e0 delle news e del giornalismo, rivedere le gerarchie delle notizie a cui siamo abituati, raccontare cose interessanti e che cambiano il mondo (bel claim gi\u00e0 preso da Wired). Essere riconoscibili e rappresentare i propri lettori. Farsi venire delle idee. E farsi leggere senza il doping del sensazionalismo, dell\u2019allarmismo e delle fesserie da tabloid. No boxini morbosi.<br \/>\n<!--more--><br \/>\nSbaglieremo assai, e non \u00e8 che dirlo prima ci assolva. Ci saranno esperimenti e assestamenti. Partiamo gi\u00e0 con molte cose \u2013 editoriali e tecniche \u2013 ancora in costruzione e molti progetti in agenda tutti da realizzare. E solo l\u2019altroieri ha cominciato a piovere dal soffitto in redazione. Ma contiamo sulla bella stagione, e soprattutto ci \u00e8 cara la parola complicit\u00e0: abbiamo a cuore non solo i contenuti ma anche il contenitore, ci teniamo sia riconoscibile, presente, non un anonimo calderone di miliardi di pagine ognuna col suo potenziale lettore da conteggiare. Siamo diffidenti di molte formule commerciali discusse in questi mesi a proposito del futuro dell\u2019informazione online e pensiamo che l\u2019unico modello efficace sia quello che privilegia i contenuti gratuiti e finanziati dalla pubblicit\u00e0: ma staremo attenti a non far mai prevalere la quantit\u00e0 sulla qualit\u00e0.<\/p><\/blockquote>\n<p>Socializzazioni su <a href=\"http:\/\/www.facebook.com\/ilpost\">Facebook<\/a>, <a href=\"http:\/\/www.twitter.com\/ilpost\">Twitter<\/a>, <a href=\"www.friendfeed.com\/ilpost\">Friendfeed<\/a><\/p>\n<p>Un augurio speciale al <a href=\"http:\/\/www.cattivamaestra.it\/\">praticante<\/a><\/p>\n","protected":false},"excerpt":{"rendered":"<p>Luca Sofri presenta Il Post Il Post \u00e8 una cosa cos\u00ec: per met\u00e0 aggregatore (altro termine equivoco), per met\u00e0 editore di blog. Ha una redazione che pubblica notizie, storie, informazioni raccogliendole in rete e nei media, e linkando e segnalando le fonti. E ha una famiglia di blog affidati ad autori di diverse qualit\u00e0 e &#8230; <a title=\"Post sul Post\" class=\"read-more\" href=\"https:\/\/www.pasteris.it\/blog\/2010\/04\/20\/post-sul-post\/\" aria-label=\"Per saperne di pi\u00f9 su Post sul Post\">Leggi tutto<\/a><\/p>\n","protected":false},"author":3,"featured_media":0,"comment_status":"open","ping_status":"open","sticky":false,"template":"","format":"standard","meta":{"footnotes":""},"categories":[10,30],"tags":[886,477],"class_list":["post-18370","post","type-post","status-publish","format-standard","hentry","category-blog","category-media","tag-il-giornale","tag-sofri"],"_links":{"self":[{"href":"https:\/\/www.pasteris.it\/blog\/wp-json\/wp\/v2\/posts\/18370","targetHints":{"allow":["GET"]}}],"collection":[{"href":"https:\/\/www.pasteris.it\/blog\/wp-json\/wp\/v2\/posts"}],"about":[{"href":"https:\/\/www.pasteris.it\/blog\/wp-json\/wp\/v2\/types\/post"}],"author":[{"embeddable":true,"href":"https:\/\/www.pasteris.it\/blog\/wp-json\/wp\/v2\/users\/3"}],"replies":[{"embeddable":true,"href":"https:\/\/www.pasteris.it\/blog\/wp-json\/wp\/v2\/comments?post=18370"}],"version-history":[{"count":3,"href":"https:\/\/www.pasteris.it\/blog\/wp-json\/wp\/v2\/posts\/18370\/revisions"}],"predecessor-version":[{"id":18380,"href":"https:\/\/www.pasteris.it\/blog\/wp-json\/wp\/v2\/posts\/18370\/revisions\/18380"}],"wp:attachment":[{"href":"https:\/\/www.pasteris.it\/blog\/wp-json\/wp\/v2\/media?parent=18370"}],"wp:term":[{"taxonomy":"category","embeddable":true,"href":"https:\/\/www.pasteris.it\/blog\/wp-json\/wp\/v2\/categories?post=18370"},{"taxonomy":"post_tag","embeddable":true,"href":"https:\/\/www.pasteris.it\/blog\/wp-json\/wp\/v2\/tags?post=18370"}],"curies":[{"name":"wp","href":"https:\/\/api.w.org\/{rel}","templated":true}]}}