{"id":18460,"date":"2010-04-23T14:24:34","date_gmt":"2010-04-23T12:24:34","guid":{"rendered":"http:\/\/www.pasteris.it\/blog\/?p=18460"},"modified":"2010-04-23T14:24:34","modified_gmt":"2010-04-23T12:24:34","slug":"berlusconi-epura-la-destra-civile","status":"publish","type":"post","link":"https:\/\/www.pasteris.it\/blog\/2010\/04\/23\/berlusconi-epura-la-destra-civile\/","title":{"rendered":"Berlusconi epura la destra &#8220;civile&#8221;"},"content":{"rendered":"<p><a href=\"http:\/\/www.corriere.it\/politica\/10_aprile_22\/direzione-pdl-diretta-cazzullo_a0983ed2-4de6-11df-b72f-00144f02aabe.shtml\">Dalla cronaca via SMS di Aldo Cazzullo<\/a><\/p>\n<blockquote><p>Dietro le quinte Fini ha detto: io non me ne vado, mi dovete cacciare. Saranno presentati due documenti: se si votasse la maggioranza berlusconiana sarebbe schiacciante. La rottura non sar\u00e0 formalizzata oggi, ma \u00e8 nei fatti. Alfano offeso con Fini che ha avuto parole durissime su legalit\u00e0 e politica giudiziaria del governo. <\/p><\/blockquote>\n","protected":false},"excerpt":{"rendered":"<p>Dalla cronaca via SMS di Aldo Cazzullo Dietro le quinte Fini ha detto: io non me ne vado, mi dovete cacciare. Saranno presentati due documenti: se si votasse la maggioranza berlusconiana sarebbe schiacciante. La rottura non sar\u00e0 formalizzata oggi, ma \u00e8 nei fatti. Alfano offeso con Fini che ha avuto parole durissime su legalit\u00e0 e &#8230; <a title=\"Berlusconi epura la destra &#8220;civile&#8221;\" class=\"read-more\" href=\"https:\/\/www.pasteris.it\/blog\/2010\/04\/23\/berlusconi-epura-la-destra-civile\/\" aria-label=\"Per saperne di pi\u00f9 su Berlusconi epura la destra &#8220;civile&#8221;\">Leggi tutto<\/a><\/p>\n","protected":false},"author":3,"featured_media":0,"comment_status":"open","ping_status":"open","sticky":false,"template":"","format":"standard","meta":{"footnotes":""},"categories":[1],"tags":[69,1067],"class_list":["post-18460","post","type-post","status-publish","format-standard","hentry","category-politica","tag-berlusconi","tag-fini"],"_links":{"self":[{"href":"https:\/\/www.pasteris.it\/blog\/wp-json\/wp\/v2\/posts\/18460","targetHints":{"allow":["GET"]}}],"collection":[{"href":"https:\/\/www.pasteris.it\/blog\/wp-json\/wp\/v2\/posts"}],"about":[{"href":"https:\/\/www.pasteris.it\/blog\/wp-json\/wp\/v2\/types\/post"}],"author":[{"embeddable":true,"href":"https:\/\/www.pasteris.it\/blog\/wp-json\/wp\/v2\/users\/3"}],"replies":[{"embeddable":true,"href":"https:\/\/www.pasteris.it\/blog\/wp-json\/wp\/v2\/comments?post=18460"}],"version-history":[{"count":1,"href":"https:\/\/www.pasteris.it\/blog\/wp-json\/wp\/v2\/posts\/18460\/revisions"}],"predecessor-version":[{"id":18461,"href":"https:\/\/www.pasteris.it\/blog\/wp-json\/wp\/v2\/posts\/18460\/revisions\/18461"}],"wp:attachment":[{"href":"https:\/\/www.pasteris.it\/blog\/wp-json\/wp\/v2\/media?parent=18460"}],"wp:term":[{"taxonomy":"category","embeddable":true,"href":"https:\/\/www.pasteris.it\/blog\/wp-json\/wp\/v2\/categories?post=18460"},{"taxonomy":"post_tag","embeddable":true,"href":"https:\/\/www.pasteris.it\/blog\/wp-json\/wp\/v2\/tags?post=18460"}],"curies":[{"name":"wp","href":"https:\/\/api.w.org\/{rel}","templated":true}]}}