{"id":18553,"date":"2010-04-28T13:43:41","date_gmt":"2010-04-28T11:43:41","guid":{"rendered":"http:\/\/www.pasteris.it\/blog\/?p=18553"},"modified":"2010-04-28T13:43:41","modified_gmt":"2010-04-28T11:43:41","slug":"ijf10-batte-eyjafjoll","status":"publish","type":"post","link":"https:\/\/www.pasteris.it\/blog\/2010\/04\/28\/ijf10-batte-eyjafjoll\/","title":{"rendered":"Ijf10 batte Eyjafjoll"},"content":{"rendered":"<p>Dal sito del <a href=\"http:\/\/www.ijf10.org\/it\/post\/11577\/\">Festival Internazionale del Giornalismo di Perugia<\/a><\/p>\n<blockquote><p><a href=\"http:\/\/www.ijf10.org\/wp-content\/uploads\/2010\/01\/ijf_photo.jpg\"><img loading=\"lazy\" decoding=\"async\" class=\"alignright\" title=\"ijf_photo\" src=\"http:\/\/www.ijf10.org\/wp-content\/uploads\/2010\/01\/ijf_photo.jpg\" alt=\"\" width=\"150\" height=\"150\" \/><\/a>Si \u00e8 conclusa la quarta edizione del  Festival Internazionale del Giornalismo con oltre 35.000 presenze. Un\u2019edizione che \u00e8 stata capace di  resistere alle problematiche logistiche create dalla nube islandese. In  pochi giorni \u00e8 stato necessario rivedere aerei, treni, taxi e  sistemazioni della maggior parte degli ospiti del Festival affinch\u00e9  tutto riuscisse. Non \u00e8 stato possibile per\u00f2 salvare gli eventi in  collaborazione con POLIS e la London School of Economics, saltati perch\u00e9  gli speaker non sono riusciti a partire da Londra.<\/p>\n<p>E al pubblico nelle sale si \u00e8 aggiunto il  pubblico online con 33.700 utenti per il sito e oltre 158.000 pagine visualizzate. Il magazine con 2.500  utenti, il blog, la web radio e la web tv, con 3.500  visite al giorno e 7.000 video scaricati, hanno entusiasmato le  nuove generazioni con un evento nell\u2019evento. Due TG al giorno, talk  show serali, interviste e divertenti \u201cinterferenze\u201d dal mondo dei  volontari.<\/p>\n<p>Il successo del Festival  si deve infatti anche ai 250 studenti e appassionati di  giornalismo tra i 15 e i 26 anni provenienti da tutto il mondo  (Algeria, Arabia Saudita, Austria, Belgio, Bielorussia,\u00a0 Brasile,  Bulgaria, Egitto, Finlandia, Francia, Georgia, Germania, Giordania,  Grecia, Lettonia, Libano, Lituania, Olanda, Pakistan, Regno Unito,  Romania, Russia, Senegal, Spagna, Stati Uniti, Ucraina, Uganda e  Uzbekistan) che sono arrivati a Perugia per contribuire con le loro idee  e la loro voglia di \u201cfare giornalismo\u201d ad arricchire anche questa  edizione.<\/p><\/blockquote>\n","protected":false},"excerpt":{"rendered":"<p>Dal sito del Festival Internazionale del Giornalismo di Perugia Si \u00e8 conclusa la quarta edizione del Festival Internazionale del Giornalismo con oltre 35.000 presenze. Un\u2019edizione che \u00e8 stata capace di resistere alle problematiche logistiche create dalla nube islandese. In pochi giorni \u00e8 stato necessario rivedere aerei, treni, taxi e sistemazioni della maggior parte degli ospiti &#8230; <a title=\"Ijf10 batte Eyjafjoll\" class=\"read-more\" href=\"https:\/\/www.pasteris.it\/blog\/2010\/04\/28\/ijf10-batte-eyjafjoll\/\" aria-label=\"Per saperne di pi\u00f9 su Ijf10 batte Eyjafjoll\">Leggi tutto<\/a><\/p>\n","protected":false},"author":3,"featured_media":0,"comment_status":"open","ping_status":"open","sticky":false,"template":"","format":"standard","meta":{"footnotes":""},"categories":[28,30],"tags":[652,1344,1339],"class_list":["post-18553","post","type-post","status-publish","format-standard","hentry","category-eventi","category-media","tag-festival-del-giornalismo","tag-ijf10","tag-islanda"],"_links":{"self":[{"href":"https:\/\/www.pasteris.it\/blog\/wp-json\/wp\/v2\/posts\/18553","targetHints":{"allow":["GET"]}}],"collection":[{"href":"https:\/\/www.pasteris.it\/blog\/wp-json\/wp\/v2\/posts"}],"about":[{"href":"https:\/\/www.pasteris.it\/blog\/wp-json\/wp\/v2\/types\/post"}],"author":[{"embeddable":true,"href":"https:\/\/www.pasteris.it\/blog\/wp-json\/wp\/v2\/users\/3"}],"replies":[{"embeddable":true,"href":"https:\/\/www.pasteris.it\/blog\/wp-json\/wp\/v2\/comments?post=18553"}],"version-history":[{"count":2,"href":"https:\/\/www.pasteris.it\/blog\/wp-json\/wp\/v2\/posts\/18553\/revisions"}],"predecessor-version":[{"id":18555,"href":"https:\/\/www.pasteris.it\/blog\/wp-json\/wp\/v2\/posts\/18553\/revisions\/18555"}],"wp:attachment":[{"href":"https:\/\/www.pasteris.it\/blog\/wp-json\/wp\/v2\/media?parent=18553"}],"wp:term":[{"taxonomy":"category","embeddable":true,"href":"https:\/\/www.pasteris.it\/blog\/wp-json\/wp\/v2\/categories?post=18553"},{"taxonomy":"post_tag","embeddable":true,"href":"https:\/\/www.pasteris.it\/blog\/wp-json\/wp\/v2\/tags?post=18553"}],"curies":[{"name":"wp","href":"https:\/\/api.w.org\/{rel}","templated":true}]}}