{"id":18574,"date":"2010-04-29T07:27:12","date_gmt":"2010-04-29T05:27:12","guid":{"rendered":"http:\/\/www.pasteris.it\/blog\/?p=18574"},"modified":"2010-04-29T07:27:12","modified_gmt":"2010-04-29T05:27:12","slug":"semi-default-spagnolo","status":"publish","type":"post","link":"https:\/\/www.pasteris.it\/blog\/2010\/04\/29\/semi-default-spagnolo\/","title":{"rendered":"Semi default spagnolo"},"content":{"rendered":"<p>Via IlSole24Ore<\/p>\n<blockquote><p>Dopo Portogallo  e Grecia, Standard &amp; Poor&#8217;s ha tagliato il merito di credito della Spagna portandolo ad \u00abAA\u00bb dal precedente \u00abAA+\u00bb. Le prospettive sul rating spagnolo sono \u00abnegative\u00bb, cio\u00e8 non \u00e8 escluso un ulteriore \u00abdowngrade\u00bb. La decisione si basa sulle previsioni macroeconomiche nel medio e lungo termine. \u00abCrediamo che la stagnazione in cui si trova l&#8217;economia spagnola &#8211; si legge nel documento pubblicato da Standard S Poor&#8217;s &#8211; durer\u00e0 pi\u00f9 di quanto avevamo previsto in precedenza\u00bb.<\/p>\n<p>Le stime di crescita del Pil spagnolo passano dall&#8217;1% annuo tra il 2010 al 2016 allo 0,7%. Meno crescita significa entrate ridotte e maggiori difficolt\u00e0 future per Madrid a rimborsare il proprio debito. Immediata la ripercussione sul mercato dei cambi, con l&#8217;euro sceso a 1,3122 dollari, ai minimi di un anno nei confronti della moneta americana e nel mercato dei credit default swap. Lo spread delle polizze che assicurano contro il fallimento della Spagna \u00e8 salito a 187 punti base. In giornata si era raffreddato a 180. Alla vigilia, segnata dal downgrade di Portogallo e Grecia, era schizzato a quota 209. Ai prezzi attuali costerebbe 187mila euro all&#8217;anno assicurarsi su 100 milioni di titoli di stato di Madrid.<\/p>\n<p><!--more--><\/p>\n<p>Il ministro dell&#8217;Economia spagnolo, Jose Manuel Campa, sostiene che il declassamento della Spagna da parte di Standard and Poor&#8217;s non mette in dubbio l&#8217;obiettivo di tagliare il deficit da parte di Madrid. \u00abLa cosa importante &#8211; ha dichiarato &#8211; \u00e8 rafforzare le misure di medio-lungo periodo per la crescita. Questo \u00e8 lo scopo principale perch\u00e8 di fatto la revisione del rating non mette in dubbio la nostra volont\u00e0 di ridurre il deficit\u00bb, ha spiegato a Reuters. La Spagna punta a ridurre il proprio deficit pubblico dall&#8217;11,2% del 2009 al 3% entro il 2013.<\/p><\/blockquote>\n","protected":false},"excerpt":{"rendered":"<p>Via IlSole24Ore Dopo Portogallo e Grecia, Standard &amp; Poor&#8217;s ha tagliato il merito di credito della Spagna portandolo ad \u00abAA\u00bb dal precedente \u00abAA+\u00bb. Le prospettive sul rating spagnolo sono \u00abnegative\u00bb, cio\u00e8 non \u00e8 escluso un ulteriore \u00abdowngrade\u00bb. La decisione si basa sulle previsioni macroeconomiche nel medio e lungo termine. \u00abCrediamo che la stagnazione in cui &#8230; <a title=\"Semi default spagnolo\" class=\"read-more\" href=\"https:\/\/www.pasteris.it\/blog\/2010\/04\/29\/semi-default-spagnolo\/\" aria-label=\"Per saperne di pi\u00f9 su Semi default spagnolo\">Leggi tutto<\/a><\/p>\n","protected":false},"author":3,"featured_media":0,"comment_status":"open","ping_status":"open","sticky":false,"template":"","format":"standard","meta":{"footnotes":""},"categories":[17,31],"tags":[379,2162,942,321],"class_list":["post-18574","post","type-post","status-publish","format-standard","hentry","category-economia","category-mondo","tag-crisi","tag-economia","tag-grecia","tag-spagna"],"_links":{"self":[{"href":"https:\/\/www.pasteris.it\/blog\/wp-json\/wp\/v2\/posts\/18574","targetHints":{"allow":["GET"]}}],"collection":[{"href":"https:\/\/www.pasteris.it\/blog\/wp-json\/wp\/v2\/posts"}],"about":[{"href":"https:\/\/www.pasteris.it\/blog\/wp-json\/wp\/v2\/types\/post"}],"author":[{"embeddable":true,"href":"https:\/\/www.pasteris.it\/blog\/wp-json\/wp\/v2\/users\/3"}],"replies":[{"embeddable":true,"href":"https:\/\/www.pasteris.it\/blog\/wp-json\/wp\/v2\/comments?post=18574"}],"version-history":[{"count":1,"href":"https:\/\/www.pasteris.it\/blog\/wp-json\/wp\/v2\/posts\/18574\/revisions"}],"predecessor-version":[{"id":18575,"href":"https:\/\/www.pasteris.it\/blog\/wp-json\/wp\/v2\/posts\/18574\/revisions\/18575"}],"wp:attachment":[{"href":"https:\/\/www.pasteris.it\/blog\/wp-json\/wp\/v2\/media?parent=18574"}],"wp:term":[{"taxonomy":"category","embeddable":true,"href":"https:\/\/www.pasteris.it\/blog\/wp-json\/wp\/v2\/categories?post=18574"},{"taxonomy":"post_tag","embeddable":true,"href":"https:\/\/www.pasteris.it\/blog\/wp-json\/wp\/v2\/tags?post=18574"}],"curies":[{"name":"wp","href":"https:\/\/api.w.org\/{rel}","templated":true}]}}