{"id":18576,"date":"2010-04-29T11:32:22","date_gmt":"2010-04-29T09:32:22","guid":{"rendered":"http:\/\/www.pasteris.it\/blog\/?p=18576"},"modified":"2010-04-29T11:54:46","modified_gmt":"2010-04-29T09:54:46","slug":"no-al-casco-obbligatorio-in-bicicletta","status":"publish","type":"post","link":"https:\/\/www.pasteris.it\/blog\/2010\/04\/29\/no-al-casco-obbligatorio-in-bicicletta\/","title":{"rendered":"No al casco obbligatorio in bicicletta"},"content":{"rendered":"<p><a href=\"http:\/\/www.fiab-onlus.it\/no_casco_obb_senato.htm\">Dal sito FIAB<\/a><\/p>\n<blockquote><p><img loading=\"lazy\" decoding=\"async\" class=\"alignright\" title=\"no casco in bici\" src=\"http:\/\/www.fiab-onlus.it\/images\/casco2.gif\" alt=\"\" width=\"90\" height=\"93\" \/>A sorpresa, con               il solito pressapochismo ed improvvisazione (alla FIAB i               parlamentari avevano preannunciato tutt&#8217;altri  provvedimenti,               comunque i rappresentanti dei ciclisti urbani sono stati  totalmente               inascoltati), la Commissione al Senato &#8211; Lavori Pubblici,  che sta               discutendo il Decreto Sicurezza Stradale, introduce il casco                obbligatorio per i ciclisti (<a href=\"http:\/\/www.senato.it\/japp\/bgt\/showdoc\/frame.jsp?tipodoc=SommComm&amp;leg=16&amp;id=473737\" target=\"_blank\">vedi               sito Senato<\/a>). La notizia \u00e8 rimbalzata quindi su alcuni quotidiani: <a href=\"http:\/\/www.ilsole24ore.com\/art\/SoleOnLine4\/Editrice\/IlSole24Ore\/2010\/04\/25\/Norme%20e%20Tributi\/24_B.shtml?uuid=0cf0977a-502e-11df-ae02-d6f69abccbc1&amp;DocRulesView=Libero&amp;correlato\" target=\"_blank\">Sole               24 ore<\/a>, <a href=\"http:\/\/motori.corriere.it\/motori\/varie\/10_aprile_26\/Casco-in-bici-paraschiena-in-moto-Ecco-il-nuovo-Codice-della-strada-piccolillo_b95b0c48-50fb-11df-884e-00144f02aabe.shtml\" target=\"_blank\">Corriere               della Sera<\/a>.<\/p>\n<p>La               questione dell&#8217; obbligatoriet\u00e0 \u00e9 stata dibattuta  moltissimo a               livello mondiale, europeo e italiano. Tra utenti e  produttori               (forse esclusi quelli che fanno caschi) si \u00e9 sempre pi\u00f9               rafforzato il principio: CASCO SI, MA MAI OBBLIGATORIO.\u00a0 Anche la nostra Federazione Europea dei Ciclisti (ECF) ha  pi\u00f9               volte espresso preoccupazioni ai Commissari denunciando  come un               obbligo del genere rischia di allontanare molti ciclisti  di tutti               i giorni da una pratica preziosa per l&#8217;ambiente e il  traffico (ricordiamo               soprattutto i report australiani che dall&#8217; introduzione  dell&#8217;               obbligo, a fronte di una scarsa influenza sugli incidenti,  avevano               riscontrato un generale abbandono all&#8217;uso della bici).<\/p>\n<p><!--more--><br \/>\nQuesta norma potrebbe vanificare tutti gli sforzi che  alcune               Amministrazioni locali stanno facendo per incrementare  l&#8217;uso della               bicicletta come mezzo di trasporto urbano abituale. Si pensi               ad esempio al Bike Sharing, che tanto successo ha               riscontrato in alcune nostre citt\u00e0; viene usato da  ciclisti               occasionali (in maniera spesso casuale) e cos\u00ec fallirebbe                completamente, visto che ovviamente               nessuno di questi va in giro con il casco sotto braccio\u00a0  (&#8230;               a meno che non diventi anche &#8220;casco sharing&#8221;). D&#8217;altra parte, contrariamente a quanto spesso propagandato  da               certa stampa &#8220;disinformata&#8221;, in nessun Paese europeo               tra quelli dove la bicicletta, come mezzo di trasporto  quotidiano,               \u00e8 pi\u00f9 popolare e pi\u00f9 promossa dai Governi esiste un simile               obbligo generalizzato.<\/p><\/blockquote>\n","protected":false},"excerpt":{"rendered":"<p>Dal sito FIAB A sorpresa, con il solito pressapochismo ed improvvisazione (alla FIAB i parlamentari avevano preannunciato tutt&#8217;altri provvedimenti, comunque i rappresentanti dei ciclisti urbani sono stati totalmente inascoltati), la Commissione al Senato &#8211; Lavori Pubblici, che sta discutendo il Decreto Sicurezza Stradale, introduce il casco obbligatorio per i ciclisti (vedi sito Senato). La notizia &#8230; <a title=\"No al casco obbligatorio in bicicletta\" class=\"read-more\" href=\"https:\/\/www.pasteris.it\/blog\/2010\/04\/29\/no-al-casco-obbligatorio-in-bicicletta\/\" aria-label=\"Per saperne di pi\u00f9 su No al casco obbligatorio in bicicletta\">Leggi tutto<\/a><\/p>\n","protected":false},"author":3,"featured_media":0,"comment_status":"open","ping_status":"open","sticky":false,"template":"","format":"standard","meta":{"footnotes":""},"categories":[49,32,14],"tags":[71,2160],"class_list":["post-18576","post","type-post","status-publish","format-standard","hentry","category-ambiente","category-pensieri","category-torino","tag-bicicletta","tag-torino"],"_links":{"self":[{"href":"https:\/\/www.pasteris.it\/blog\/wp-json\/wp\/v2\/posts\/18576","targetHints":{"allow":["GET"]}}],"collection":[{"href":"https:\/\/www.pasteris.it\/blog\/wp-json\/wp\/v2\/posts"}],"about":[{"href":"https:\/\/www.pasteris.it\/blog\/wp-json\/wp\/v2\/types\/post"}],"author":[{"embeddable":true,"href":"https:\/\/www.pasteris.it\/blog\/wp-json\/wp\/v2\/users\/3"}],"replies":[{"embeddable":true,"href":"https:\/\/www.pasteris.it\/blog\/wp-json\/wp\/v2\/comments?post=18576"}],"version-history":[{"count":3,"href":"https:\/\/www.pasteris.it\/blog\/wp-json\/wp\/v2\/posts\/18576\/revisions"}],"predecessor-version":[{"id":18578,"href":"https:\/\/www.pasteris.it\/blog\/wp-json\/wp\/v2\/posts\/18576\/revisions\/18578"}],"wp:attachment":[{"href":"https:\/\/www.pasteris.it\/blog\/wp-json\/wp\/v2\/media?parent=18576"}],"wp:term":[{"taxonomy":"category","embeddable":true,"href":"https:\/\/www.pasteris.it\/blog\/wp-json\/wp\/v2\/categories?post=18576"},{"taxonomy":"post_tag","embeddable":true,"href":"https:\/\/www.pasteris.it\/blog\/wp-json\/wp\/v2\/tags?post=18576"}],"curies":[{"name":"wp","href":"https:\/\/api.w.org\/{rel}","templated":true}]}}