{"id":18648,"date":"2010-05-02T19:54:35","date_gmt":"2010-05-02T17:54:35","guid":{"rendered":"http:\/\/www.pasteris.it\/blog\/?p=18648"},"modified":"2010-05-02T19:54:35","modified_gmt":"2010-05-02T17:54:35","slug":"pacchetti-abbonamento-e-idee-innovative-vere-per-lonline","status":"publish","type":"post","link":"https:\/\/www.pasteris.it\/blog\/2010\/05\/02\/pacchetti-abbonamento-e-idee-innovative-vere-per-lonline\/","title":{"rendered":"Pacchetti abbonamento e idee innovative vere per l&#8217;online"},"content":{"rendered":"<p><a href=\" http:\/\/zambardino.blogautore.repubblica.it\/2010\/05\/02\/giornali-on-line-e-tempo-di-svuotare-la-cantina\/\">Via Vittorio Zambardino<\/a><\/p>\n<blockquote><p>Penso a una home page dove i  contenuti pi\u00f9 recentemente aggiornati siano segnalati in modo pi\u00f9  evidente, qualcosa del genere gi\u00e0 si \u00e8 visto. Dove la presenza dei  commenti sia segnalata da elementi grafici specifici. Dove un codice  colore distingua la politica e la cronaca dalla cultura e dal costume \u2013  senza ovviamente inserire pi\u00f9 di tre colori base come riferimenti di  navigazione. Dove il contenuto dei giorni precedenti sia riproposto come  tale sulla base della popolarit\u00e0 ottenuta. Dove \u2013 bestemmio in chiesa,  lo so \u2013 un apparato di link proponga i temi pi\u00f9 caldi non solo sui  social network ma anche dentro i siti dei giornali stranieri e ITALIANI.  Non \u00e8 un tradimento, semmai \u00e8 pubblicit\u00e0 comparativa. Lo so, sto  riproducendo il clutter, ma questo almeno \u00e8 funzionale, non frutto di  accumulazione.<\/p>\n<p>Insomma bisognerebbe cominciare a  pensarci e per chi stia chiedendosi perch\u00e9 questa riflessione, di  domenica e in tempo di giornali a pagamento, rispondo: proprio per  questo, per salvare i giornali on line e non bruciarseli per due  pacchetti abbonamento che presto si dimostreranno per quel che sono.  Pacchetti.<\/p><\/blockquote>\n","protected":false},"excerpt":{"rendered":"<p>Via Vittorio Zambardino Penso a una home page dove i contenuti pi\u00f9 recentemente aggiornati siano segnalati in modo pi\u00f9 evidente, qualcosa del genere gi\u00e0 si \u00e8 visto. Dove la presenza dei commenti sia segnalata da elementi grafici specifici. Dove un codice colore distingua la politica e la cronaca dalla cultura e dal costume \u2013 senza &#8230; <a title=\"Pacchetti abbonamento e idee innovative vere per l&#8217;online\" class=\"read-more\" href=\"https:\/\/www.pasteris.it\/blog\/2010\/05\/02\/pacchetti-abbonamento-e-idee-innovative-vere-per-lonline\/\" aria-label=\"Per saperne di pi\u00f9 su Pacchetti abbonamento e idee innovative vere per l&#8217;online\">Leggi tutto<\/a><\/p>\n","protected":false},"author":3,"featured_media":0,"comment_status":"open","ping_status":"open","sticky":false,"template":"","format":"standard","meta":{"footnotes":""},"categories":[33,6,30],"tags":[159,2155,377],"class_list":["post-18648","post","type-post","status-publish","format-standard","hentry","category-computer","category-internet","category-media","tag-giornali","tag-internet","tag-zambardino"],"_links":{"self":[{"href":"https:\/\/www.pasteris.it\/blog\/wp-json\/wp\/v2\/posts\/18648","targetHints":{"allow":["GET"]}}],"collection":[{"href":"https:\/\/www.pasteris.it\/blog\/wp-json\/wp\/v2\/posts"}],"about":[{"href":"https:\/\/www.pasteris.it\/blog\/wp-json\/wp\/v2\/types\/post"}],"author":[{"embeddable":true,"href":"https:\/\/www.pasteris.it\/blog\/wp-json\/wp\/v2\/users\/3"}],"replies":[{"embeddable":true,"href":"https:\/\/www.pasteris.it\/blog\/wp-json\/wp\/v2\/comments?post=18648"}],"version-history":[{"count":2,"href":"https:\/\/www.pasteris.it\/blog\/wp-json\/wp\/v2\/posts\/18648\/revisions"}],"predecessor-version":[{"id":18650,"href":"https:\/\/www.pasteris.it\/blog\/wp-json\/wp\/v2\/posts\/18648\/revisions\/18650"}],"wp:attachment":[{"href":"https:\/\/www.pasteris.it\/blog\/wp-json\/wp\/v2\/media?parent=18648"}],"wp:term":[{"taxonomy":"category","embeddable":true,"href":"https:\/\/www.pasteris.it\/blog\/wp-json\/wp\/v2\/categories?post=18648"},{"taxonomy":"post_tag","embeddable":true,"href":"https:\/\/www.pasteris.it\/blog\/wp-json\/wp\/v2\/tags?post=18648"}],"curies":[{"name":"wp","href":"https:\/\/api.w.org\/{rel}","templated":true}]}}