{"id":18701,"date":"2010-05-04T21:20:05","date_gmt":"2010-05-04T19:20:05","guid":{"rendered":"http:\/\/www.pasteris.it\/blog\/?p=18701"},"modified":"2010-05-04T22:02:20","modified_gmt":"2010-05-04T20:02:20","slug":"un-giornale-analitico","status":"publish","type":"post","link":"https:\/\/www.pasteris.it\/blog\/2010\/05\/04\/un-giornale-analitico\/","title":{"rendered":"Un giornale Analitico"},"content":{"rendered":"<p><a href=\"http:\/\/giornalaio.wordpress.com\/2010\/05\/04\/xxi%c2%b0-secolo-analitico\/\">Via  Il Giornalaio<\/a><\/p>\n<blockquote><p>Nasce <a title=\"Analitico\" href=\"http:\/\/analitico.es\/\" target=\"_blank\">Analitico<\/a>,  nuovo mezzo di comunicazione ed informazione digitale spagnolo. Il <a title=\" En la mayor\u00eda de medios  primero se publica y despu\u00e9s se confirma. \u00c9ste no es el caso de  anal\u00edtico. Nuestro prop\u00f3sito es observar, comprender e informar. Porque  no s\u00f3lo consiste en contar lo que ha ocurrido, sino en hacer pensar. \" href=\"http:\/\/analitico.es\/destacado\/manifiesto-analitico\" target=\"_blank\">manifesto<\/a> che illustra i principi fondanti  dell\u2019iniziativa, definendone regole e principi della linea editoriale,  dovrebbe essere affisso obbligatoriamente all\u2019ingresso di tutte le  redazioni dei quotidiani nostrani.<\/p>\n<p>Di straordinaria efficacia per sintesi e  capacit\u00e0 di descrizione dell\u2019attuale contesto, <a title=\"Los individuos  pintamos m\u00e1s bien poco en esta era global; la persona se ha vuelto  superflua en este universo de targets. No hay hueco para la disidencia  en los estantes repletos de inteligencia emocional y t\u00e9cnicas de  marketing. Por eso siempre es una buena noticia cuando un grupo de  personas se une para defender otras miradas, para reivindicar  pensamientos laterales, para mostrar su desacuerdo y gritar que el  balance de cuentas no es m\u00e1s importante que la honradez.\" href=\"http:\/\/www.analitico.es\/internet-mass\/veintiuno\" target=\"_blank\">l\u2019editoriale<\/a> realizzato da Jos\u00e8 Perez per l\u2019occasione, del quale vale la pena di  riprendere il passaggio di apertura: \u201cBenvenuti al ventunesimo secolo,  l\u2019era dove il futuro \u00e8 gi\u00e0 un\u2019idea vecchia. Benvenuti ai computer da  tasca e alle auto elettriche, all\u2019informazione immediata  ed al rumore  immediato. [\u2026.] Benvenuti nel paese dove la corruzione \u00e8  democraticamente avvallata,dove le conferenze stampa non hanno domande e  la propaganda indistinguibile dai titoli dei giornali. Benvenuti  all\u2019epoca ed al luogo dove la cultura \u00e8 un lusso innecessario e la  volgarit\u00e0 si \u00e8 eretta ad oppio del popolo\u201d.<\/p>\n<p>Speriamo possa essere spunto e stimolo  per le\u00a0<a title=\"Il crowdfunded journalism si sta diffondendo in fretta:  grandi aspettative, ma anche un tessuto di collaborazione e spinte dal  basso tutto da creare\" href=\"http:\/\/www.apogeonline.com\/webzine\/2010\/05\/04\/spot-us-e-gli-altri-funzioneranno-in-italia\" target=\"_blank\">nascenti iniziative<\/a> nel nostro paese. Dall\u2019edicola  del paesello l\u2019impressione che la\u00a0<a title=\"In Italia viviamo un  giornalismo caratterizzato dal titolo di guerra e da un'assertivit\u00e0  spinta, che riconosciamo nella stampa e nella tv del nostro quotidiano.  Non \u00e8 un caso che (a tutto vantaggio del berlusconismo) anche nella  blogosfera si tenda ad andare nella stessa direzione. Un antropologo lo  chiamerebbe imprinting. Funziona bene, se vuoi avere lettori o generare  link. Ma non funziona per gli aspetti su cui stiamo riflettendo\" href=\"http:\/\/www.bookcafe.net\/blog\/blog.cfm?id=1098\" target=\"_blank\">blogosfera  molle<\/a> sia forse addirittura flaccida non lascia ben sperare.<\/p><\/blockquote>\n","protected":false},"excerpt":{"rendered":"<p>Via Il Giornalaio Nasce Analitico, nuovo mezzo di comunicazione ed informazione digitale spagnolo. Il manifesto che illustra i principi fondanti dell\u2019iniziativa, definendone regole e principi della linea editoriale, dovrebbe essere affisso obbligatoriamente all\u2019ingresso di tutte le redazioni dei quotidiani nostrani. Di straordinaria efficacia per sintesi e capacit\u00e0 di descrizione dell\u2019attuale contesto, l\u2019editoriale realizzato da Jos\u00e8 &#8230; <a title=\"Un giornale Analitico\" class=\"read-more\" href=\"https:\/\/www.pasteris.it\/blog\/2010\/05\/04\/un-giornale-analitico\/\" aria-label=\"Per saperne di pi\u00f9 su Un giornale Analitico\">Leggi tutto<\/a><\/p>\n","protected":false},"author":3,"featured_media":0,"comment_status":"open","ping_status":"open","sticky":false,"template":"","format":"standard","meta":{"footnotes":""},"categories":[6,30],"tags":[159,1343],"class_list":["post-18701","post","type-post","status-publish","format-standard","hentry","category-internet","category-media","tag-giornali","tag-online"],"_links":{"self":[{"href":"https:\/\/www.pasteris.it\/blog\/wp-json\/wp\/v2\/posts\/18701","targetHints":{"allow":["GET"]}}],"collection":[{"href":"https:\/\/www.pasteris.it\/blog\/wp-json\/wp\/v2\/posts"}],"about":[{"href":"https:\/\/www.pasteris.it\/blog\/wp-json\/wp\/v2\/types\/post"}],"author":[{"embeddable":true,"href":"https:\/\/www.pasteris.it\/blog\/wp-json\/wp\/v2\/users\/3"}],"replies":[{"embeddable":true,"href":"https:\/\/www.pasteris.it\/blog\/wp-json\/wp\/v2\/comments?post=18701"}],"version-history":[{"count":3,"href":"https:\/\/www.pasteris.it\/blog\/wp-json\/wp\/v2\/posts\/18701\/revisions"}],"predecessor-version":[{"id":18703,"href":"https:\/\/www.pasteris.it\/blog\/wp-json\/wp\/v2\/posts\/18701\/revisions\/18703"}],"wp:attachment":[{"href":"https:\/\/www.pasteris.it\/blog\/wp-json\/wp\/v2\/media?parent=18701"}],"wp:term":[{"taxonomy":"category","embeddable":true,"href":"https:\/\/www.pasteris.it\/blog\/wp-json\/wp\/v2\/categories?post=18701"},{"taxonomy":"post_tag","embeddable":true,"href":"https:\/\/www.pasteris.it\/blog\/wp-json\/wp\/v2\/tags?post=18701"}],"curies":[{"name":"wp","href":"https:\/\/api.w.org\/{rel}","templated":true}]}}